{"id":3283,"date":"2026-09-02T11:14:52","date_gmt":"2026-09-02T11:14:52","guid":{"rendered":"https:\/\/pegatin.com\/blog\/?p=3283"},"modified":"2026-09-02T11:14:54","modified_gmt":"2026-09-02T11:14:54","slug":"por-que-los-ciclistas-profesionales-llevan-nombre-y-bandera-en-la-bicicleta","status":"publish","type":"post","link":"https:\/\/pegatin.com\/blog\/es\/por-que-los-ciclistas-profesionales-llevan-nombre-y-bandera-en-la-bicicleta\/","title":{"rendered":"Por qu\u00e9 los ciclistas profesionales llevan nombre y bandera en la bicicleta"},"content":{"rendered":"<p class=\"wp-block-paragraph\">La peque\u00f1a pegatina con el nombre del ciclista y su bandera que aparece en el tubo superior no es \u00fanicamente decoraci\u00f3n. En los equipos profesionales cumple una funci\u00f3n pr\u00e1ctica: permite identificar r\u00e1pidamente bicicletas que comparten modelo, colores y componentes. Con el tiempo tambi\u00e9n se ha convertido en uno de los detalles m\u00e1s reconocibles de una bicicleta de competici\u00f3n.<\/p>\n<h2 class=\"wp-block-heading\">Por qu\u00e9 los ciclistas profesionales llevan su nombre en la bicicleta<\/h2>\n<p class=\"wp-block-paragraph\">Un corredor profesional no dispone de una sola bicicleta. Puede tener la bicicleta principal, varias unidades de repuesto en los coches de equipo y otras preparadas en el cami\u00f3n de mec\u00e1nicos. A simple vista, muchas son pr\u00e1cticamente id\u00e9nticas.<\/p>\n<ul class=\"wp-block-list\"><li><strong>Los mec\u00e1nicos<\/strong> encuentran en segundos la bicicleta correcta.<\/li><li><strong>El coche de equipo<\/strong> mantiene ordenadas las unidades de repuesto.<\/li><li><strong>Los corredores<\/strong> reconocen su configuraci\u00f3n sin revisar medidas o componentes.<\/li><li><strong>Fot\u00f3grafos y aficionados<\/strong> pueden relacionar la bicicleta con el ciclista.<\/li><\/ul>\n<h2 class=\"wp-block-heading\">Qu\u00e9 aporta la bandera junto al nombre<\/h2>\n<p class=\"wp-block-paragraph\">La bandera a\u00f1ade identidad nacional o regional y ayuda a que un nombre se distinga de inmediato. El conjunto es compacto, legible y visualmente equilibrado. Para los campeones nacionales tiene un significado especial, pero cualquier ciclista puede utilizarlo para representar su procedencia o el pa\u00eds con el que se identifica.<\/p>\n<p class=\"wp-block-paragraph\">Si est\u00e1s decidiendo el texto exacto, consulta <a href=\"https:\/\/pegatin.com\/blog\/es\/que-poner-pegatina-bicicleta\/\"><strong>qu\u00e9 poner en una pegatina personalizada para bicicleta<\/strong><\/a>.<\/p>\n<h2 class=\"wp-block-heading\">C\u00f3mo conseguir el aspecto de una bicicleta profesional<\/h2>\n<p class=\"wp-block-paragraph\">La clave no es utilizar una pegatina grande. El resultado profesional depende de la proporci\u00f3n, la tipograf\u00eda, el contraste y la posici\u00f3n. El nombre debe poder leerse, pero debe integrarse en el dise\u00f1o del cuadro.<\/p>\n<ul class=\"wp-block-list\"><li><strong>Nombre:<\/strong> solo la primera letra en may\u00fascula y estilo Open Sans Italic.<\/li><li><strong>Apellido:<\/strong> Open Sans Bold y completamente en may\u00fasculas.<\/li><li><strong>Bandera:<\/strong> situada antes del nombre y proporcionada a la altura del texto.<\/li><li><strong>Tama\u00f1o:<\/strong> adaptado al espacio disponible, sin invadir curvas o uniones.<\/li><li><strong>Color:<\/strong> con suficiente contraste frente al cuadro.<\/li><\/ul>\n<h2 class=\"wp-block-heading\">D\u00f3nde colocar el nombre y la bandera<\/h2>\n<p class=\"wp-block-paragraph\">El tubo superior es la ubicaci\u00f3n cl\u00e1sica porque ofrece visibilidad lateral y suele disponer de una zona lisa. Tambi\u00e9n pueden utilizarse la tija, la horquilla, el casco, el bid\u00f3n o el soporte del ciclocomputador.<\/p>\n<p class=\"wp-block-paragraph\">Antes de pegar, mide la superficie y presenta el dise\u00f1o sin retirar el soporte. Para evitar burbujas o residuos, sigue nuestra gu\u00eda sobre <a href=\"https:\/\/pegatin.com\/blog\/es\/como-aplicar-y-retirar-pegatinas-de-bicicleta-sin-burbujas-ni-danos\/\"><strong>c\u00f3mo aplicar y retirar pegatinas de bicicleta<\/strong><\/a>.<\/p>\n<h2 class=\"wp-block-heading\">C\u00f3mo elegir el acabado<\/h2>\n<p class=\"wp-block-paragraph\">Sobre cuadros oscuros conviene utilizar un acabado que mantenga visibles el blanco, el nombre y los colores de la bandera. En superficies claras existen m\u00e1s posibilidades. El resultado debe seguir siendo legible tanto de cerca como en una fotograf\u00eda de la bicicleta completa.<\/p>\n<p class=\"wp-block-paragraph\">Una pegatina de calidad debe soportar el uso normal de la bicicleta, los cambios de temperatura y la limpieza habitual. Puedes ampliar esta informaci\u00f3n en nuestra gu\u00eda sobre <a href=\"https:\/\/pegatin.com\/blog\/es\/cuanto-dura-una-pegatina-de-bici\/\"><strong>cu\u00e1nto dura una pegatina de bicicleta<\/strong><\/a>.<\/p>\n<h2 class=\"wp-block-heading\">\u00bfPuede da\u00f1ar el cuadro?<\/h2>\n<p class=\"wp-block-paragraph\">Una pegatina apropiada, colocada sobre una superficie compatible y retirada con cuidado, no deber\u00eda necesitar m\u00e9todos que da\u00f1en el acabado. Evita cuchillas, calor excesivo y productos agresivos. Consulta las recomendaciones del fabricante, especialmente en pinturas mate o personalizadas, y revisa nuestra <a href=\"https:\/\/pegatin.com\/blog\/es\/pegatinas-cuadro-carbono-bicicleta\/\"><strong>gu\u00eda espec\u00edfica para cuadros de carbono<\/strong><\/a>.<\/p>\n<h2 class=\"wp-block-heading\">Preguntas frecuentes<\/h2>\n<h3 class=\"wp-block-heading\">\u00bfHay que ser corredor para llevar nombre y bandera?<\/h3>\n<p class=\"wp-block-paragraph\">No. Tambi\u00e9n es una forma sencilla de identificar la bicicleta en marchas, viajes, grupos o eventos.<\/p>\n<h3 class=\"wp-block-heading\">\u00bfSe puede colocar en el casco?<\/h3>\n<p class=\"wp-block-paragraph\">S\u00ed, siempre que la superficie y las instrucciones del fabricante lo permitan. Consulta nuestra gu\u00eda de <a href=\"https:\/\/pegatin.com\/blog\/es\/pegatinas-casco-bicicleta-nombre-bandera\/\"><strong>pegatinas personalizadas para cascos de bicicleta<\/strong><\/a>.<\/p>\n<h3 class=\"wp-block-heading\">\u00bfNombre completo o inicial?<\/h3>\n<p class=\"wp-block-paragraph\">Depende del espacio. En tubos cortos puede funcionar mejor una inicial y el apellido; en superficies amplias puede utilizarse el nombre completo.<\/p>\n<h2 class=\"wp-block-heading\">A\u00f1ade el detalle que hace tu bicicleta realmente tuya<\/h2>\n<p class=\"wp-block-paragraph\">La idea naci\u00f3 como una soluci\u00f3n pr\u00e1ctica de los equipos profesionales y se convirti\u00f3 en un s\u00edmbolo del ciclismo. Personaliza el dise\u00f1o con tu nombre y la bandera que elijas, manteniendo una escala limpia y proporcionada.<\/p>\n<p class=\"has-text-align-center pegatin-sales-cta wp-block-paragraph\"><strong><a href=\"https:\/\/pegatin.com\/?utm_source=pegatin_blog&amp;utm_medium=article_es&amp;utm_campaign=bike_stickers_es&amp;utm_content=pro_look_cta\">CREA TU NOMBRE Y BANDERA PARA LA BICICLETA \u2192<\/a><\/strong><\/p>","protected":false},"excerpt":{"rendered":"<p>La peque\u00f1a pegatina con el nombre del ciclista y su bandera que aparece en el tubo superior no es \u00fanicamente decoraci\u00f3n. En los equipos profesionales cumple una funci\u00f3n pr\u00e1ctica: permite identificar r\u00e1pidamente bicicletas que comparten modelo, colores y componentes. Con el tiempo tambi\u00e9n se ha convertido en uno de los detalles m\u00e1s reconocibles de una &#8230; <a href=\"https:\/\/pegatin.com\/blog\/es\/por-que-los-ciclistas-profesionales-llevan-nombre-y-bandera-en-la-bicicleta\/\">Read more<\/a>.<\/p>\n","protected":false},"author":11,"featured_media":1805,"comment_status":"closed","ping_status":"open","sticky":false,"template":"","format":"standard","meta":{"footnotes":""},"categories":[501,503,505],"tags":[],"class_list":["post-3283","post","type-post","status-publish","format-standard","has-post-thumbnail","hentry","category-bike-decals-es","category-high-quality-es","category-pegatin-es"],"yoast_head":"<!-- This site is optimized with the Yoast SEO plugin v28.4 - https:\/\/yoast.com\/product\/yoast-seo-wordpress\/ -->\n<title>Nombre y bandera en la bicicleta: el estilo profesional | Pegatin<\/title>\n<meta name=\"description\" content=\"Descubre por qu\u00e9 los ciclistas profesionales llevan nombre y bandera en el tubo superior y c\u00f3mo conseguir el mismo acabado en tu bicicleta.\" \/>\n<meta name=\"robots\" content=\"index, follow, max-snippet:-1, max-image-preview:large, max-video-preview:-1\" \/>\n<link rel=\"canonical\" href=\"https:\/\/pegatin.com\/blog\/es\/por-que-los-ciclistas-profesionales-llevan-nombre-y-bandera-en-la-bicicleta\/\" \/>\n<meta property=\"og:locale\" content=\"en_US\" \/>\n<meta property=\"og:type\" content=\"article\" \/>\n<meta property=\"og:title\" content=\"Nombre y bandera en la bicicleta: el estilo profesional | Pegatin\" \/>\n<meta property=\"og:description\" content=\"Descubre por qu\u00e9 los ciclistas profesionales llevan nombre y bandera en el tubo superior y c\u00f3mo conseguir el mismo acabado en tu bicicleta.\" \/>\n<meta property=\"og:url\" content=\"https:\/\/pegatin.com\/blog\/es\/por-que-los-ciclistas-profesionales-llevan-nombre-y-bandera-en-la-bicicleta\/\" \/>\n<meta property=\"og:site_name\" content=\"Pegatin Blog\" \/>\n<meta property=\"article:published_time\" content=\"2026-09-02T11:14:52+00:00\" \/>\n<meta property=\"article:modified_time\" content=\"2026-09-02T11:14:54+00:00\" \/>\n<meta property=\"og:image\" content=\"https:\/\/pegatin.com\/blog\/wp-content\/uploads\/2026\/06\/07-1_300.jpg\" \/>\n\t<meta property=\"og:image:width\" content=\"1080\" \/>\n\t<meta property=\"og:image:height\" content=\"1350\" \/>\n\t<meta property=\"og:image:type\" content=\"image\/jpeg\" \/>\n<meta name=\"author\" content=\"Chat GPT\" \/>\n<meta name=\"twitter:card\" content=\"summary_large_image\" \/>\n<meta name=\"twitter:label1\" content=\"Written by\" \/>\n\t<meta name=\"twitter:data1\" content=\"Chat GPT\" \/>\n\t<meta name=\"twitter:label2\" content=\"Est. reading time\" \/>\n\t<meta name=\"twitter:data2\" content=\"4 minutes\" \/>\n<script type=\"application\/ld+json\" class=\"yoast-schema-graph\">{\"@context\":\"https:\\\/\\\/schema.org\",\"@graph\":[{\"@type\":\"Article\",\"@id\":\"https:\\\/\\\/pegatin.com\\\/blog\\\/es\\\/por-que-los-ciclistas-profesionales-llevan-nombre-y-bandera-en-la-bicicleta\\\/#article\",\"isPartOf\":{\"@id\":\"https:\\\/\\\/pegatin.com\\\/blog\\\/es\\\/por-que-los-ciclistas-profesionales-llevan-nombre-y-bandera-en-la-bicicleta\\\/\"},\"author\":{\"name\":\"Chat GPT\",\"@id\":\"https:\\\/\\\/pegatin.com\\\/blog\\\/#\\\/schema\\\/person\\\/78a08c54c86caea5a036786a813c7ec8\"},\"headline\":\"Por qu\u00e9 los ciclistas profesionales llevan nombre y bandera en la bicicleta\",\"datePublished\":\"2026-09-02T11:14:52+00:00\",\"dateModified\":\"2026-09-02T11:14:54+00:00\",\"mainEntityOfPage\":{\"@id\":\"https:\\\/\\\/pegatin.com\\\/blog\\\/es\\\/por-que-los-ciclistas-profesionales-llevan-nombre-y-bandera-en-la-bicicleta\\\/\"},\"wordCount\":711,\"image\":{\"@id\":\"https:\\\/\\\/pegatin.com\\\/blog\\\/es\\\/por-que-los-ciclistas-profesionales-llevan-nombre-y-bandera-en-la-bicicleta\\\/#primaryimage\"},\"thumbnailUrl\":\"https:\\\/\\\/pegatin.com\\\/blog\\\/wp-content\\\/uploads\\\/2026\\\/06\\\/07-1_300.jpg\",\"articleSection\":[\"Bike decals\",\"High Quality\",\"Pegatin\"],\"inLanguage\":\"en-US\"},{\"@type\":\"WebPage\",\"@id\":\"https:\\\/\\\/pegatin.com\\\/blog\\\/es\\\/por-que-los-ciclistas-profesionales-llevan-nombre-y-bandera-en-la-bicicleta\\\/\",\"url\":\"https:\\\/\\\/pegatin.com\\\/blog\\\/es\\\/por-que-los-ciclistas-profesionales-llevan-nombre-y-bandera-en-la-bicicleta\\\/\",\"name\":\"Nombre y bandera en la bicicleta: el estilo profesional | Pegatin\",\"isPartOf\":{\"@id\":\"https:\\\/\\\/pegatin.com\\\/blog\\\/#website\"},\"primaryImageOfPage\":{\"@id\":\"https:\\\/\\\/pegatin.com\\\/blog\\\/es\\\/por-que-los-ciclistas-profesionales-llevan-nombre-y-bandera-en-la-bicicleta\\\/#primaryimage\"},\"image\":{\"@id\":\"https:\\\/\\\/pegatin.com\\\/blog\\\/es\\\/por-que-los-ciclistas-profesionales-llevan-nombre-y-bandera-en-la-bicicleta\\\/#primaryimage\"},\"thumbnailUrl\":\"https:\\\/\\\/pegatin.com\\\/blog\\\/wp-content\\\/uploads\\\/2026\\\/06\\\/07-1_300.jpg\",\"datePublished\":\"2026-09-02T11:14:52+00:00\",\"dateModified\":\"2026-09-02T11:14:54+00:00\",\"author\":{\"@id\":\"https:\\\/\\\/pegatin.com\\\/blog\\\/#\\\/schema\\\/person\\\/78a08c54c86caea5a036786a813c7ec8\"},\"description\":\"Descubre por qu\u00e9 los ciclistas profesionales llevan nombre y bandera en el tubo superior y c\u00f3mo conseguir el mismo acabado en tu bicicleta.\",\"breadcrumb\":{\"@id\":\"https:\\\/\\\/pegatin.com\\\/blog\\\/es\\\/por-que-los-ciclistas-profesionales-llevan-nombre-y-bandera-en-la-bicicleta\\\/#breadcrumb\"},\"inLanguage\":\"en-US\",\"potentialAction\":[{\"@type\":\"ReadAction\",\"target\":[\"https:\\\/\\\/pegatin.com\\\/blog\\\/es\\\/por-que-los-ciclistas-profesionales-llevan-nombre-y-bandera-en-la-bicicleta\\\/\"]}]},{\"@type\":\"ImageObject\",\"inLanguage\":\"en-US\",\"@id\":\"https:\\\/\\\/pegatin.com\\\/blog\\\/es\\\/por-que-los-ciclistas-profesionales-llevan-nombre-y-bandera-en-la-bicicleta\\\/#primaryimage\",\"url\":\"https:\\\/\\\/pegatin.com\\\/blog\\\/wp-content\\\/uploads\\\/2026\\\/06\\\/07-1_300.jpg\",\"contentUrl\":\"https:\\\/\\\/pegatin.com\\\/blog\\\/wp-content\\\/uploads\\\/2026\\\/06\\\/07-1_300.jpg\",\"width\":1080,\"height\":1350,\"caption\":\"Personalised cyclist name sticker on a road bike top tube\"},{\"@type\":\"BreadcrumbList\",\"@id\":\"https:\\\/\\\/pegatin.com\\\/blog\\\/es\\\/por-que-los-ciclistas-profesionales-llevan-nombre-y-bandera-en-la-bicicleta\\\/#breadcrumb\",\"itemListElement\":[{\"@type\":\"ListItem\",\"position\":1,\"name\":\"Portada\",\"item\":\"https:\\\/\\\/pegatin.com\\\/blog\\\/\"},{\"@type\":\"ListItem\",\"position\":2,\"name\":\"Por qu\u00e9 los ciclistas profesionales llevan nombre y bandera en la bicicleta\"}]},{\"@type\":\"WebSite\",\"@id\":\"https:\\\/\\\/pegatin.com\\\/blog\\\/#website\",\"url\":\"https:\\\/\\\/pegatin.com\\\/blog\\\/\",\"name\":\"Pegatin Blog\",\"description\":\"Get the PRO look\",\"potentialAction\":[{\"@type\":\"SearchAction\",\"target\":{\"@type\":\"EntryPoint\",\"urlTemplate\":\"https:\\\/\\\/pegatin.com\\\/blog\\\/?s={search_term_string}\"},\"query-input\":{\"@type\":\"PropertyValueSpecification\",\"valueRequired\":true,\"valueName\":\"search_term_string\"}}],\"inLanguage\":\"en-US\"},{\"@type\":\"Person\",\"@id\":\"https:\\\/\\\/pegatin.com\\\/blog\\\/#\\\/schema\\\/person\\\/78a08c54c86caea5a036786a813c7ec8\",\"name\":\"Chat GPT\",\"image\":{\"@type\":\"ImageObject\",\"inLanguage\":\"en-US\",\"@id\":\"https:\\\/\\\/secure.gravatar.com\\\/avatar\\\/ac461285e08ced8d77fcdc3167c7fba3e9fc9550c123cb7d5f457f826814c001?s=96&d=mm&r=g\",\"url\":\"https:\\\/\\\/secure.gravatar.com\\\/avatar\\\/ac461285e08ced8d77fcdc3167c7fba3e9fc9550c123cb7d5f457f826814c001?s=96&d=mm&r=g\",\"contentUrl\":\"https:\\\/\\\/secure.gravatar.com\\\/avatar\\\/ac461285e08ced8d77fcdc3167c7fba3e9fc9550c123cb7d5f457f826814c001?s=96&d=mm&r=g\",\"caption\":\"Chat GPT\"},\"url\":\"https:\\\/\\\/pegatin.com\\\/blog\\\/author\\\/chatgpt\\\/\"}]}<\/script>\n<!-- \/ Yoast SEO plugin. -->","yoast_head_json":{"title":"Nombre y bandera en la bicicleta: el estilo profesional | Pegatin","description":"Descubre por qu\u00e9 los ciclistas profesionales llevan nombre y bandera en el tubo superior y c\u00f3mo conseguir el mismo acabado en tu bicicleta.","robots":{"index":"index","follow":"follow","max-snippet":"max-snippet:-1","max-image-preview":"max-image-preview:large","max-video-preview":"max-video-preview:-1"},"canonical":"https:\/\/pegatin.com\/blog\/es\/por-que-los-ciclistas-profesionales-llevan-nombre-y-bandera-en-la-bicicleta\/","og_locale":"en_US","og_type":"article","og_title":"Nombre y bandera en la bicicleta: el estilo profesional | Pegatin","og_description":"Descubre por qu\u00e9 los ciclistas profesionales llevan nombre y bandera en el tubo superior y c\u00f3mo conseguir el mismo acabado en tu bicicleta.","og_url":"https:\/\/pegatin.com\/blog\/es\/por-que-los-ciclistas-profesionales-llevan-nombre-y-bandera-en-la-bicicleta\/","og_site_name":"Pegatin Blog","article_published_time":"2026-09-02T11:14:52+00:00","article_modified_time":"2026-09-02T11:14:54+00:00","og_image":[{"width":1080,"height":1350,"url":"https:\/\/pegatin.com\/blog\/wp-content\/uploads\/2026\/06\/07-1_300.jpg","type":"image\/jpeg"}],"author":"Chat GPT","twitter_card":"summary_large_image","twitter_misc":{"Written by":"Chat GPT","Est. reading time":"4 minutes"},"schema":{"@context":"https:\/\/schema.org","@graph":[{"@type":"Article","@id":"https:\/\/pegatin.com\/blog\/es\/por-que-los-ciclistas-profesionales-llevan-nombre-y-bandera-en-la-bicicleta\/#article","isPartOf":{"@id":"https:\/\/pegatin.com\/blog\/es\/por-que-los-ciclistas-profesionales-llevan-nombre-y-bandera-en-la-bicicleta\/"},"author":{"name":"Chat GPT","@id":"https:\/\/pegatin.com\/blog\/#\/schema\/person\/78a08c54c86caea5a036786a813c7ec8"},"headline":"Por qu\u00e9 los ciclistas profesionales llevan nombre y bandera en la bicicleta","datePublished":"2026-09-02T11:14:52+00:00","dateModified":"2026-09-02T11:14:54+00:00","mainEntityOfPage":{"@id":"https:\/\/pegatin.com\/blog\/es\/por-que-los-ciclistas-profesionales-llevan-nombre-y-bandera-en-la-bicicleta\/"},"wordCount":711,"image":{"@id":"https:\/\/pegatin.com\/blog\/es\/por-que-los-ciclistas-profesionales-llevan-nombre-y-bandera-en-la-bicicleta\/#primaryimage"},"thumbnailUrl":"https:\/\/pegatin.com\/blog\/wp-content\/uploads\/2026\/06\/07-1_300.jpg","articleSection":["Bike decals","High Quality","Pegatin"],"inLanguage":"en-US"},{"@type":"WebPage","@id":"https:\/\/pegatin.com\/blog\/es\/por-que-los-ciclistas-profesionales-llevan-nombre-y-bandera-en-la-bicicleta\/","url":"https:\/\/pegatin.com\/blog\/es\/por-que-los-ciclistas-profesionales-llevan-nombre-y-bandera-en-la-bicicleta\/","name":"Nombre y bandera en la bicicleta: el estilo profesional | Pegatin","isPartOf":{"@id":"https:\/\/pegatin.com\/blog\/#website"},"primaryImageOfPage":{"@id":"https:\/\/pegatin.com\/blog\/es\/por-que-los-ciclistas-profesionales-llevan-nombre-y-bandera-en-la-bicicleta\/#primaryimage"},"image":{"@id":"https:\/\/pegatin.com\/blog\/es\/por-que-los-ciclistas-profesionales-llevan-nombre-y-bandera-en-la-bicicleta\/#primaryimage"},"thumbnailUrl":"https:\/\/pegatin.com\/blog\/wp-content\/uploads\/2026\/06\/07-1_300.jpg","datePublished":"2026-09-02T11:14:52+00:00","dateModified":"2026-09-02T11:14:54+00:00","author":{"@id":"https:\/\/pegatin.com\/blog\/#\/schema\/person\/78a08c54c86caea5a036786a813c7ec8"},"description":"Descubre por qu\u00e9 los ciclistas profesionales llevan nombre y bandera en el tubo superior y c\u00f3mo conseguir el mismo acabado en tu bicicleta.","breadcrumb":{"@id":"https:\/\/pegatin.com\/blog\/es\/por-que-los-ciclistas-profesionales-llevan-nombre-y-bandera-en-la-bicicleta\/#breadcrumb"},"inLanguage":"en-US","potentialAction":[{"@type":"ReadAction","target":["https:\/\/pegatin.com\/blog\/es\/por-que-los-ciclistas-profesionales-llevan-nombre-y-bandera-en-la-bicicleta\/"]}]},{"@type":"ImageObject","inLanguage":"en-US","@id":"https:\/\/pegatin.com\/blog\/es\/por-que-los-ciclistas-profesionales-llevan-nombre-y-bandera-en-la-bicicleta\/#primaryimage","url":"https:\/\/pegatin.com\/blog\/wp-content\/uploads\/2026\/06\/07-1_300.jpg","contentUrl":"https:\/\/pegatin.com\/blog\/wp-content\/uploads\/2026\/06\/07-1_300.jpg","width":1080,"height":1350,"caption":"Personalised cyclist name sticker on a road bike top tube"},{"@type":"BreadcrumbList","@id":"https:\/\/pegatin.com\/blog\/es\/por-que-los-ciclistas-profesionales-llevan-nombre-y-bandera-en-la-bicicleta\/#breadcrumb","itemListElement":[{"@type":"ListItem","position":1,"name":"Portada","item":"https:\/\/pegatin.com\/blog\/"},{"@type":"ListItem","position":2,"name":"Por qu\u00e9 los ciclistas profesionales llevan nombre y bandera en la bicicleta"}]},{"@type":"WebSite","@id":"https:\/\/pegatin.com\/blog\/#website","url":"https:\/\/pegatin.com\/blog\/","name":"Pegatin Blog","description":"Get the PRO look","potentialAction":[{"@type":"SearchAction","target":{"@type":"EntryPoint","urlTemplate":"https:\/\/pegatin.com\/blog\/?s={search_term_string}"},"query-input":{"@type":"PropertyValueSpecification","valueRequired":true,"valueName":"search_term_string"}}],"inLanguage":"en-US"},{"@type":"Person","@id":"https:\/\/pegatin.com\/blog\/#\/schema\/person\/78a08c54c86caea5a036786a813c7ec8","name":"Chat GPT","image":{"@type":"ImageObject","inLanguage":"en-US","@id":"https:\/\/secure.gravatar.com\/avatar\/ac461285e08ced8d77fcdc3167c7fba3e9fc9550c123cb7d5f457f826814c001?s=96&d=mm&r=g","url":"https:\/\/secure.gravatar.com\/avatar\/ac461285e08ced8d77fcdc3167c7fba3e9fc9550c123cb7d5f457f826814c001?s=96&d=mm&r=g","contentUrl":"https:\/\/secure.gravatar.com\/avatar\/ac461285e08ced8d77fcdc3167c7fba3e9fc9550c123cb7d5f457f826814c001?s=96&d=mm&r=g","caption":"Chat GPT"},"url":"https:\/\/pegatin.com\/blog\/author\/chatgpt\/"}]}},"_links":{"self":[{"href":"https:\/\/pegatin.com\/blog\/wp-json\/wp\/v2\/posts\/3283","targetHints":{"allow":["GET"]}}],"collection":[{"href":"https:\/\/pegatin.com\/blog\/wp-json\/wp\/v2\/posts"}],"about":[{"href":"https:\/\/pegatin.com\/blog\/wp-json\/wp\/v2\/types\/post"}],"author":[{"embeddable":true,"href":"https:\/\/pegatin.com\/blog\/wp-json\/wp\/v2\/users\/11"}],"replies":[{"embeddable":true,"href":"https:\/\/pegatin.com\/blog\/wp-json\/wp\/v2\/comments?post=3283"}],"version-history":[{"count":2,"href":"https:\/\/pegatin.com\/blog\/wp-json\/wp\/v2\/posts\/3283\/revisions"}],"predecessor-version":[{"id":3292,"href":"https:\/\/pegatin.com\/blog\/wp-json\/wp\/v2\/posts\/3283\/revisions\/3292"}],"wp:featuredmedia":[{"embeddable":true,"href":"https:\/\/pegatin.com\/blog\/wp-json\/wp\/v2\/media\/1805"}],"wp:attachment":[{"href":"https:\/\/pegatin.com\/blog\/wp-json\/wp\/v2\/media?parent=3283"}],"wp:term":[{"taxonomy":"category","embeddable":true,"href":"https:\/\/pegatin.com\/blog\/wp-json\/wp\/v2\/categories?post=3283"},{"taxonomy":"post_tag","embeddable":true,"href":"https:\/\/pegatin.com\/blog\/wp-json\/wp\/v2\/tags?post=3283"}],"curies":[{"name":"wp","href":"https:\/\/api.w.org\/{rel}","templated":true}]}}