{"id":3333,"date":"2026-09-02T14:22:50","date_gmt":"2026-09-02T14:22:50","guid":{"rendered":"https:\/\/pegatin.com\/blog\/?p=3333"},"modified":"2026-09-02T16:35:17","modified_gmt":"2026-09-02T16:35:17","slug":"autocollants-velo-nom-drapeau","status":"publish","type":"post","link":"https:\/\/pegatin.com\/blog\/fr\/autocollants-velo-nom-drapeau\/","title":{"rendered":"Autocollants personnalis\u00e9s pour v\u00e9lo avec nom et drapeau"},"content":{"rendered":"\n<aside class=\"pegatin-proof-link\" style=\"border-left:4px solid #075CF6;background:#f5f9ff;padding:16px 18px;margin:0 0 24px;border-radius:8px\"><strong>Une qualit\u00e9 con\u00e7ue pour durer.<\/strong> D\u00e9couvrez les cinq couches qui prot\u00e8gent couleur, adh\u00e9rence et retrait propre. <a href=\"https:\/\/pegatin.com\/blog\/fr\/combien-de-temps-durent-les-autocollants-qualite-et-entretien\/\" style=\"font-weight:800;color:#075CF6\">\u2192<\/a><\/aside><p class=\"wp-block-paragraph\">Les <strong>autocollants personnalis\u00e9s pour v\u00e9lo avec nom et drapeau<\/strong> donnent au cadre une identit\u00e9 claire, inspir\u00e9e des v\u00e9los de comp\u00e9tition. Bien dimensionn\u00e9s et bien plac\u00e9s, ils restent \u00e9l\u00e9gants sur un v\u00e9lo de route, un VTT, un gravel, un v\u00e9lo \u00e9lectrique ou un v\u00e9lo d&#8217;enfant.<\/p>\n<figure class=\"wp-block-image size-large\"><img decoding=\"async\" src=\"https:\/\/pegatin.com\/blog\/wp-content\/uploads\/2026\/08\/07-switzerland-luca-meier-ab-plus-v3-corrected-optimized.webp\" alt=\"Tube rouge de v\u00e9lo avec autocollant Luca MEIER AB+ et drapeau suisse\"\/><\/figure>\n<h2 class=\"wp-block-heading\">Que mettre sur un autocollant de v\u00e9lo ?<\/h2>\n<p class=\"wp-block-paragraph\">La combinaison la plus efficace est simple : pr\u00e9nom lisible, nom de famille plus marqu\u00e9 et drapeau national. Le groupe sanguin peut \u00eatre ajout\u00e9 si vous le souhaitez, mais il ne remplace jamais une information m\u00e9dicale officielle. \u00c9vitez les textes trop longs : ils obligent \u00e0 r\u00e9duire la taille des lettres et diminuent la lisibilit\u00e9.<\/p>\n<h2 class=\"wp-block-heading\">O\u00f9 placer le nom sur le cadre ?<\/h2>\n<ul class=\"wp-block-list\"><li><strong>Tube sup\u00e9rieur :<\/strong> visible sur les photos et facile \u00e0 lire pr\u00e8s du poste de pilotage.<\/li><li><strong>Tube diagonal :<\/strong> adapt\u00e9 aux autocollants plus longs et aux cadres \u00e9pur\u00e9s.<\/li><li><strong>Haubans :<\/strong> r\u00e9sultat discret, id\u00e9al pour un second exemplaire.<\/li><li><strong>Casque et caisse de transport :<\/strong> utile pour harmoniser tout l&#8217;\u00e9quipement.<\/li><\/ul>\n<p class=\"wp-block-paragraph\">\u00c9vitez les c\u00e2bles, les articulations de suspension, les protections qui frottent et les zones proches de la cha\u00eene. Sur un cadre carbone, l&#8217;autocollant doit \u00eatre pos\u00e9 sur un vernis intact, jamais sur une fissure ou une zone \u00e0 inspecter.<\/p>\n<figure class=\"wp-block-image size-large\"><img decoding=\"async\" src=\"https:\/\/pegatin.com\/blog\/wp-content\/uploads\/2026\/08\/Bicicleta_Canada-1-optimized.webp\" alt=\"V\u00e9lo de route avec autocollant personnalis\u00e9 de nom et drapeau canadien\"\/><\/figure>\n<h2 class=\"wp-block-heading\">Comment obtenir une pose professionnelle<\/h2>\n<ol class=\"wp-block-list\"><li>Lavez et d\u00e9graissez d\u00e9licatement la zone.<\/li><li>V\u00e9rifiez la position depuis plusieurs angles.<\/li><li>Posez l&#8217;autocollant sans le tirer.<\/li><li>Lissez du centre vers l&#8217;ext\u00e9rieur.<\/li><li>Laissez l&#8217;adh\u00e9sif prendre avant le prochain lavage.<\/li><\/ol>\n<h2 class=\"wp-block-heading\">Choisir la couleur et la quantit\u00e9<\/h2>\n<p class=\"wp-block-paragraph\">Utilisez des lettres blanches ou claires sur un cadre fonc\u00e9 et des lettres noires sur un cadre clair. Un pack de dix couvre g\u00e9n\u00e9ralement le cadre, le casque, les bidons et le mat\u00e9riel de voyage, avec des exemplaires de r\u00e9serve. Le format doit rester proportionn\u00e9 : plus petit pour un hauban, l\u00e9g\u00e8rement plus grand pour un v\u00e9lo d&#8217;enfant ou un tube large.<\/p>\n<div class=\"wp-block-buttons is-layout-flex wp-block-buttons-is-layout-flex\"><div class=\"wp-block-button\"><a class=\"wp-block-button__link wp-element-button\" href=\"https:\/\/pegatin.com\/?utm_source=pegatin_blog&amp;utm_medium=article_fr&amp;utm_campaign=velo_fr&amp;utm_content=cta_final\">CR\u00c9ER MES AUTOCOLLANTS DE V\u00c9LO<\/a><\/div><\/div>\n<p class=\"wp-block-paragraph\">Pour coordonner le v\u00e9lo et le casque, consultez aussi notre <a href=\"https:\/\/pegatin.com\/blog\/fr\/autocollants-casque-nom-drapeau\/\">guide des autocollants personnalis\u00e9s pour casque<\/a>.<\/p>","protected":false},"excerpt":{"rendered":"<p>Une qualit\u00e9 con\u00e7ue pour durer. D\u00e9couvrez les cinq couches qui prot\u00e8gent couleur, adh\u00e9rence et retrait propre. \u2192 Les autocollants personnalis\u00e9s pour v\u00e9lo avec nom et drapeau donnent au cadre une identit\u00e9 claire, inspir\u00e9e des v\u00e9los de comp\u00e9tition. Bien dimensionn\u00e9s et bien plac\u00e9s, ils restent \u00e9l\u00e9gants sur un v\u00e9lo de route, un VTT, un gravel, un &#8230; <a href=\"https:\/\/pegatin.com\/blog\/fr\/autocollants-velo-nom-drapeau\/\">Read more<\/a>.<\/p>\n","protected":false},"author":11,"featured_media":2321,"comment_status":"closed","ping_status":"open","sticky":false,"template":"","format":"standard","meta":{"footnotes":""},"categories":[537],"tags":[],"class_list":["post-3333","post","type-post","status-publish","format-standard","has-post-thumbnail","hentry","category-autocollants-pour-velos"],"yoast_head":"<!-- This site is optimized with the Yoast SEO plugin v28.4 - https:\/\/yoast.com\/product\/yoast-seo-wordpress\/ -->\n<title>Autocollants personnalis\u00e9s pour v\u00e9lo | Pegatin<\/title>\n<meta name=\"description\" content=\"Autocollants personnalis\u00e9s pour v\u00e9lo avec nom et drapeau : mat\u00e9riau, taille, emplacement et pose sur v\u00e9lo de route, gravel, VTT et v\u00e9lo \u00e9lectrique.\" \/>\n<meta name=\"robots\" content=\"index, follow, max-snippet:-1, max-image-preview:large, max-video-preview:-1\" \/>\n<link rel=\"canonical\" href=\"https:\/\/pegatin.com\/blog\/fr\/autocollants-velo-nom-drapeau\/\" \/>\n<meta property=\"og:locale\" content=\"en_US\" \/>\n<meta property=\"og:type\" content=\"article\" \/>\n<meta property=\"og:title\" content=\"Autocollants personnalis\u00e9s pour v\u00e9lo | Pegatin\" \/>\n<meta property=\"og:description\" content=\"Autocollants personnalis\u00e9s pour v\u00e9lo avec nom et drapeau : mat\u00e9riau, taille, emplacement et pose sur v\u00e9lo de route, gravel, VTT et v\u00e9lo \u00e9lectrique.\" \/>\n<meta property=\"og:url\" content=\"https:\/\/pegatin.com\/blog\/fr\/autocollants-velo-nom-drapeau\/\" \/>\n<meta property=\"og:site_name\" content=\"Pegatin Blog\" \/>\n<meta property=\"article:published_time\" content=\"2026-09-02T14:22:50+00:00\" \/>\n<meta property=\"article:modified_time\" content=\"2026-09-02T16:35:17+00:00\" \/>\n<meta property=\"og:image\" content=\"https:\/\/pegatin.com\/blog\/wp-content\/uploads\/2026\/06\/Pegatin_PRO.png\" \/>\n\t<meta property=\"og:image:width\" content=\"1536\" \/>\n\t<meta property=\"og:image:height\" content=\"640\" \/>\n\t<meta property=\"og:image:type\" content=\"image\/png\" \/>\n<meta name=\"author\" content=\"Chat GPT\" \/>\n<meta name=\"twitter:card\" content=\"summary_large_image\" \/>\n<meta name=\"twitter:label1\" content=\"Written by\" \/>\n\t<meta name=\"twitter:data1\" content=\"Chat GPT\" \/>\n\t<meta name=\"twitter:label2\" content=\"Est. reading time\" \/>\n\t<meta name=\"twitter:data2\" content=\"2 minutes\" \/>\n<script type=\"application\/ld+json\" class=\"yoast-schema-graph\">{\"@context\":\"https:\\\/\\\/schema.org\",\"@graph\":[{\"@type\":\"Article\",\"@id\":\"https:\\\/\\\/pegatin.com\\\/blog\\\/fr\\\/autocollants-velo-nom-drapeau\\\/#article\",\"isPartOf\":{\"@id\":\"https:\\\/\\\/pegatin.com\\\/blog\\\/fr\\\/autocollants-velo-nom-drapeau\\\/\"},\"author\":{\"name\":\"Chat GPT\",\"@id\":\"https:\\\/\\\/pegatin.com\\\/blog\\\/#\\\/schema\\\/person\\\/78a08c54c86caea5a036786a813c7ec8\"},\"headline\":\"Autocollants personnalis\u00e9s pour v\u00e9lo avec nom et drapeau\",\"datePublished\":\"2026-09-02T14:22:50+00:00\",\"dateModified\":\"2026-09-02T16:35:17+00:00\",\"mainEntityOfPage\":{\"@id\":\"https:\\\/\\\/pegatin.com\\\/blog\\\/fr\\\/autocollants-velo-nom-drapeau\\\/\"},\"wordCount\":388,\"image\":{\"@id\":\"https:\\\/\\\/pegatin.com\\\/blog\\\/fr\\\/autocollants-velo-nom-drapeau\\\/#primaryimage\"},\"thumbnailUrl\":\"https:\\\/\\\/pegatin.com\\\/blog\\\/wp-content\\\/uploads\\\/2026\\\/06\\\/Pegatin_PRO-optimized.webp\",\"articleSection\":[\"Autocollants pour v\u00e9los\"],\"inLanguage\":\"en-US\"},{\"@type\":\"WebPage\",\"@id\":\"https:\\\/\\\/pegatin.com\\\/blog\\\/fr\\\/autocollants-velo-nom-drapeau\\\/\",\"url\":\"https:\\\/\\\/pegatin.com\\\/blog\\\/fr\\\/autocollants-velo-nom-drapeau\\\/\",\"name\":\"Autocollants personnalis\u00e9s pour v\u00e9lo | Pegatin\",\"isPartOf\":{\"@id\":\"https:\\\/\\\/pegatin.com\\\/blog\\\/#website\"},\"primaryImageOfPage\":{\"@id\":\"https:\\\/\\\/pegatin.com\\\/blog\\\/fr\\\/autocollants-velo-nom-drapeau\\\/#primaryimage\"},\"image\":{\"@id\":\"https:\\\/\\\/pegatin.com\\\/blog\\\/fr\\\/autocollants-velo-nom-drapeau\\\/#primaryimage\"},\"thumbnailUrl\":\"https:\\\/\\\/pegatin.com\\\/blog\\\/wp-content\\\/uploads\\\/2026\\\/06\\\/Pegatin_PRO-optimized.webp\",\"datePublished\":\"2026-09-02T14:22:50+00:00\",\"dateModified\":\"2026-09-02T16:35:17+00:00\",\"author\":{\"@id\":\"https:\\\/\\\/pegatin.com\\\/blog\\\/#\\\/schema\\\/person\\\/78a08c54c86caea5a036786a813c7ec8\"},\"description\":\"Autocollants personnalis\u00e9s pour v\u00e9lo avec nom et drapeau : mat\u00e9riau, taille, emplacement et pose sur v\u00e9lo de route, gravel, VTT et v\u00e9lo \u00e9lectrique.\",\"breadcrumb\":{\"@id\":\"https:\\\/\\\/pegatin.com\\\/blog\\\/fr\\\/autocollants-velo-nom-drapeau\\\/#breadcrumb\"},\"inLanguage\":\"en-US\",\"potentialAction\":[{\"@type\":\"ReadAction\",\"target\":[\"https:\\\/\\\/pegatin.com\\\/blog\\\/fr\\\/autocollants-velo-nom-drapeau\\\/\"]}]},{\"@type\":\"ImageObject\",\"inLanguage\":\"en-US\",\"@id\":\"https:\\\/\\\/pegatin.com\\\/blog\\\/fr\\\/autocollants-velo-nom-drapeau\\\/#primaryimage\",\"url\":\"https:\\\/\\\/pegatin.com\\\/blog\\\/wp-content\\\/uploads\\\/2026\\\/06\\\/Pegatin_PRO-optimized.webp\",\"contentUrl\":\"https:\\\/\\\/pegatin.com\\\/blog\\\/wp-content\\\/uploads\\\/2026\\\/06\\\/Pegatin_PRO-optimized.webp\",\"width\":1536,\"height\":640,\"caption\":\"Custom cyclist name and USA flag sticker on a carbon bike top tube\"},{\"@type\":\"BreadcrumbList\",\"@id\":\"https:\\\/\\\/pegatin.com\\\/blog\\\/fr\\\/autocollants-velo-nom-drapeau\\\/#breadcrumb\",\"itemListElement\":[{\"@type\":\"ListItem\",\"position\":1,\"name\":\"Portada\",\"item\":\"https:\\\/\\\/pegatin.com\\\/blog\\\/\"},{\"@type\":\"ListItem\",\"position\":2,\"name\":\"Autocollants personnalis\u00e9s pour v\u00e9lo avec nom et drapeau\"}]},{\"@type\":\"WebSite\",\"@id\":\"https:\\\/\\\/pegatin.com\\\/blog\\\/#website\",\"url\":\"https:\\\/\\\/pegatin.com\\\/blog\\\/\",\"name\":\"Pegatin Blog\",\"description\":\"Get the PRO look\",\"potentialAction\":[{\"@type\":\"SearchAction\",\"target\":{\"@type\":\"EntryPoint\",\"urlTemplate\":\"https:\\\/\\\/pegatin.com\\\/blog\\\/?s={search_term_string}\"},\"query-input\":{\"@type\":\"PropertyValueSpecification\",\"valueRequired\":true,\"valueName\":\"search_term_string\"}}],\"inLanguage\":\"en-US\"},{\"@type\":\"Person\",\"@id\":\"https:\\\/\\\/pegatin.com\\\/blog\\\/#\\\/schema\\\/person\\\/78a08c54c86caea5a036786a813c7ec8\",\"name\":\"Chat GPT\",\"image\":{\"@type\":\"ImageObject\",\"inLanguage\":\"en-US\",\"@id\":\"https:\\\/\\\/secure.gravatar.com\\\/avatar\\\/ac461285e08ced8d77fcdc3167c7fba3e9fc9550c123cb7d5f457f826814c001?s=96&d=mm&r=g\",\"url\":\"https:\\\/\\\/secure.gravatar.com\\\/avatar\\\/ac461285e08ced8d77fcdc3167c7fba3e9fc9550c123cb7d5f457f826814c001?s=96&d=mm&r=g\",\"contentUrl\":\"https:\\\/\\\/secure.gravatar.com\\\/avatar\\\/ac461285e08ced8d77fcdc3167c7fba3e9fc9550c123cb7d5f457f826814c001?s=96&d=mm&r=g\",\"caption\":\"Chat GPT\"},\"url\":\"https:\\\/\\\/pegatin.com\\\/blog\\\/author\\\/chatgpt\\\/\"}]}<\/script>\n<!-- \/ Yoast SEO plugin. -->","yoast_head_json":{"title":"Autocollants personnalis\u00e9s pour v\u00e9lo | Pegatin","description":"Autocollants personnalis\u00e9s pour v\u00e9lo avec nom et drapeau : mat\u00e9riau, taille, emplacement et pose sur v\u00e9lo de route, gravel, VTT et v\u00e9lo \u00e9lectrique.","robots":{"index":"index","follow":"follow","max-snippet":"max-snippet:-1","max-image-preview":"max-image-preview:large","max-video-preview":"max-video-preview:-1"},"canonical":"https:\/\/pegatin.com\/blog\/fr\/autocollants-velo-nom-drapeau\/","og_locale":"en_US","og_type":"article","og_title":"Autocollants personnalis\u00e9s pour v\u00e9lo | Pegatin","og_description":"Autocollants personnalis\u00e9s pour v\u00e9lo avec nom et drapeau : mat\u00e9riau, taille, emplacement et pose sur v\u00e9lo de route, gravel, VTT et v\u00e9lo \u00e9lectrique.","og_url":"https:\/\/pegatin.com\/blog\/fr\/autocollants-velo-nom-drapeau\/","og_site_name":"Pegatin Blog","article_published_time":"2026-09-02T14:22:50+00:00","article_modified_time":"2026-09-02T16:35:17+00:00","og_image":[{"width":1536,"height":640,"url":"https:\/\/pegatin.com\/blog\/wp-content\/uploads\/2026\/06\/Pegatin_PRO.png","type":"image\/png"}],"author":"Chat GPT","twitter_card":"summary_large_image","twitter_misc":{"Written by":"Chat GPT","Est. reading time":"2 minutes"},"schema":{"@context":"https:\/\/schema.org","@graph":[{"@type":"Article","@id":"https:\/\/pegatin.com\/blog\/fr\/autocollants-velo-nom-drapeau\/#article","isPartOf":{"@id":"https:\/\/pegatin.com\/blog\/fr\/autocollants-velo-nom-drapeau\/"},"author":{"name":"Chat GPT","@id":"https:\/\/pegatin.com\/blog\/#\/schema\/person\/78a08c54c86caea5a036786a813c7ec8"},"headline":"Autocollants personnalis\u00e9s pour v\u00e9lo avec nom et drapeau","datePublished":"2026-09-02T14:22:50+00:00","dateModified":"2026-09-02T16:35:17+00:00","mainEntityOfPage":{"@id":"https:\/\/pegatin.com\/blog\/fr\/autocollants-velo-nom-drapeau\/"},"wordCount":388,"image":{"@id":"https:\/\/pegatin.com\/blog\/fr\/autocollants-velo-nom-drapeau\/#primaryimage"},"thumbnailUrl":"https:\/\/pegatin.com\/blog\/wp-content\/uploads\/2026\/06\/Pegatin_PRO-optimized.webp","articleSection":["Autocollants pour v\u00e9los"],"inLanguage":"en-US"},{"@type":"WebPage","@id":"https:\/\/pegatin.com\/blog\/fr\/autocollants-velo-nom-drapeau\/","url":"https:\/\/pegatin.com\/blog\/fr\/autocollants-velo-nom-drapeau\/","name":"Autocollants personnalis\u00e9s pour v\u00e9lo | Pegatin","isPartOf":{"@id":"https:\/\/pegatin.com\/blog\/#website"},"primaryImageOfPage":{"@id":"https:\/\/pegatin.com\/blog\/fr\/autocollants-velo-nom-drapeau\/#primaryimage"},"image":{"@id":"https:\/\/pegatin.com\/blog\/fr\/autocollants-velo-nom-drapeau\/#primaryimage"},"thumbnailUrl":"https:\/\/pegatin.com\/blog\/wp-content\/uploads\/2026\/06\/Pegatin_PRO-optimized.webp","datePublished":"2026-09-02T14:22:50+00:00","dateModified":"2026-09-02T16:35:17+00:00","author":{"@id":"https:\/\/pegatin.com\/blog\/#\/schema\/person\/78a08c54c86caea5a036786a813c7ec8"},"description":"Autocollants personnalis\u00e9s pour v\u00e9lo avec nom et drapeau : mat\u00e9riau, taille, emplacement et pose sur v\u00e9lo de route, gravel, VTT et v\u00e9lo \u00e9lectrique.","breadcrumb":{"@id":"https:\/\/pegatin.com\/blog\/fr\/autocollants-velo-nom-drapeau\/#breadcrumb"},"inLanguage":"en-US","potentialAction":[{"@type":"ReadAction","target":["https:\/\/pegatin.com\/blog\/fr\/autocollants-velo-nom-drapeau\/"]}]},{"@type":"ImageObject","inLanguage":"en-US","@id":"https:\/\/pegatin.com\/blog\/fr\/autocollants-velo-nom-drapeau\/#primaryimage","url":"https:\/\/pegatin.com\/blog\/wp-content\/uploads\/2026\/06\/Pegatin_PRO-optimized.webp","contentUrl":"https:\/\/pegatin.com\/blog\/wp-content\/uploads\/2026\/06\/Pegatin_PRO-optimized.webp","width":1536,"height":640,"caption":"Custom cyclist name and USA flag sticker on a carbon bike top tube"},{"@type":"BreadcrumbList","@id":"https:\/\/pegatin.com\/blog\/fr\/autocollants-velo-nom-drapeau\/#breadcrumb","itemListElement":[{"@type":"ListItem","position":1,"name":"Portada","item":"https:\/\/pegatin.com\/blog\/"},{"@type":"ListItem","position":2,"name":"Autocollants personnalis\u00e9s pour v\u00e9lo avec nom et drapeau"}]},{"@type":"WebSite","@id":"https:\/\/pegatin.com\/blog\/#website","url":"https:\/\/pegatin.com\/blog\/","name":"Pegatin Blog","description":"Get the PRO look","potentialAction":[{"@type":"SearchAction","target":{"@type":"EntryPoint","urlTemplate":"https:\/\/pegatin.com\/blog\/?s={search_term_string}"},"query-input":{"@type":"PropertyValueSpecification","valueRequired":true,"valueName":"search_term_string"}}],"inLanguage":"en-US"},{"@type":"Person","@id":"https:\/\/pegatin.com\/blog\/#\/schema\/person\/78a08c54c86caea5a036786a813c7ec8","name":"Chat GPT","image":{"@type":"ImageObject","inLanguage":"en-US","@id":"https:\/\/secure.gravatar.com\/avatar\/ac461285e08ced8d77fcdc3167c7fba3e9fc9550c123cb7d5f457f826814c001?s=96&d=mm&r=g","url":"https:\/\/secure.gravatar.com\/avatar\/ac461285e08ced8d77fcdc3167c7fba3e9fc9550c123cb7d5f457f826814c001?s=96&d=mm&r=g","contentUrl":"https:\/\/secure.gravatar.com\/avatar\/ac461285e08ced8d77fcdc3167c7fba3e9fc9550c123cb7d5f457f826814c001?s=96&d=mm&r=g","caption":"Chat GPT"},"url":"https:\/\/pegatin.com\/blog\/author\/chatgpt\/"}]}},"_links":{"self":[{"href":"https:\/\/pegatin.com\/blog\/wp-json\/wp\/v2\/posts\/3333","targetHints":{"allow":["GET"]}}],"collection":[{"href":"https:\/\/pegatin.com\/blog\/wp-json\/wp\/v2\/posts"}],"about":[{"href":"https:\/\/pegatin.com\/blog\/wp-json\/wp\/v2\/types\/post"}],"author":[{"embeddable":true,"href":"https:\/\/pegatin.com\/blog\/wp-json\/wp\/v2\/users\/11"}],"replies":[{"embeddable":true,"href":"https:\/\/pegatin.com\/blog\/wp-json\/wp\/v2\/comments?post=3333"}],"version-history":[{"count":2,"href":"https:\/\/pegatin.com\/blog\/wp-json\/wp\/v2\/posts\/3333\/revisions"}],"predecessor-version":[{"id":3454,"href":"https:\/\/pegatin.com\/blog\/wp-json\/wp\/v2\/posts\/3333\/revisions\/3454"}],"wp:featuredmedia":[{"embeddable":true,"href":"https:\/\/pegatin.com\/blog\/wp-json\/wp\/v2\/media\/2321"}],"wp:attachment":[{"href":"https:\/\/pegatin.com\/blog\/wp-json\/wp\/v2\/media?parent=3333"}],"wp:term":[{"taxonomy":"category","embeddable":true,"href":"https:\/\/pegatin.com\/blog\/wp-json\/wp\/v2\/categories?post=3333"},{"taxonomy":"post_tag","embeddable":true,"href":"https:\/\/pegatin.com\/blog\/wp-json\/wp\/v2\/tags?post=3333"}],"curies":[{"name":"wp","href":"https:\/\/api.w.org\/{rel}","templated":true}]}}