{"id":3347,"date":"2026-09-02T14:59:24","date_gmt":"2026-09-02T14:59:24","guid":{"rendered":"https:\/\/pegatin.com\/blog\/?p=3347"},"modified":"2026-09-03T16:08:43","modified_gmt":"2026-09-03T16:08:43","slug":"adesivi-bici-nome-bandiera","status":"publish","type":"post","link":"https:\/\/pegatin.com\/blog\/it\/adesivi-bici-nome-bandiera\/","title":{"rendered":"Adesivi personalizzati per bici con nome e bandiera"},"content":{"rendered":"\n<aside class=\"pegatin-proof-link\" style=\"border-left:4px solid #075CF6;background:#f5f9ff;padding:16px 18px;margin:0 0 24px;border-radius:8px\"><p><strong>Adesivi personalizzati per bici, qualit\u00e0 pensata per durare.<\/strong><\/p> Scopri i cinque strati che proteggono colore, adesione e rimozione pulita. <a href=\"https:\/\/pegatin.com\/blog\/it\/quanto-durano-gli-adesivi-qualita-e-manutenzione\/\" style=\"font-weight:800;color:#075CF6\">\u2192<\/a><\/aside><style>.peg-guide{font-family:\"Open Sans\",Arial,sans-serif;max-width:900px;margin:auto;color:#172033}.peg-guide h2{color:#071a44;margin-top:38px}.peg-guide p,.peg-guide li{font-size:17px;line-height:1.7}.peg-hero{background:#eef5ff;border-radius:18px;padding:28px;margin-bottom:32px}.peg-hero img{width:100%;max-height:440px;object-fit:contain;border-radius:12px}.peg-cta{background:#075df6;color:#fff;padding:28px;border-radius:16px;margin:36px 0}.peg-cta h2,.peg-cta p{color:#fff}.peg-cta a{display:inline-block;background:#fff;color:#075df6;padding:13px 22px;border-radius:8px;font-weight:800;text-decoration:none}<\/style><article class=\"peg-guide\"><div class=\"peg-hero\"><img decoding=\"async\" src=\"https:\/\/pegatin.com\/blog\/wp-content\/uploads\/2026\/08\/07-switzerland-luca-meier-ab-plus-v3-corrected-optimized.webp\" alt=\"Adesivi personalizzati per bici con nome, bandiera e gruppo sanguigno\"><p><strong>Gli adesivi personalizzati per bici danno un&#8217;identit\u00e0 professionale senza alterarne lo stile.<\/strong> Ecco come scegliere formato, colore e posizione per strada, gravel, MTB, triathlon e bici per bambini.<\/p><\/div><h2>Adesivi personalizzati per bici: cosa inserire<\/h2><p>La combinazione pi\u00f9 efficace \u00e8 nome, cognome e bandiera. Il gruppo sanguigno pu\u00f2 essere aggiunto come informazione identificativa, ma non sostituisce mai i dati medici ufficiali.<\/p><h2>Le posizioni migliori sulla bici<\/h2><ul><li>Tubo orizzontale: molto visibile e facile da pulire.<\/li><li>Tubo obliquo: ideale per una misura pi\u00f9 lunga.<\/li><li>Reggisella o carro: discreto e professionale.<\/li><li>Casco: utile per coordinare tutta l&#8217;attrezzatura.<\/li><\/ul><h2>Applicazione resistente<\/h2><p>Pulisci la superficie, elimina grasso e polvere, asciuga bene e applica dal centro verso i bordi. Evita giunti, cavi o aree soggette a forte sfregamento.<\/p><h2>Abbina bici e casco<\/h2><p>Usare lo stesso nome, bandiera e colore crea un set coerente. Leggi anche la guida agli <a href=\"https:\/\/pegatin.com\/blog\/it\/adesivi-casco-nome-bandiera\/\">adesivi personalizzati per casco<\/a> oppure esplora tutte le <a href=\"https:\/\/pegatin.com\/blog\/it\/adesivi-personalizzati-nome-bandiera\/\">guide italiane Pegatin<\/a>.<\/p><div class=\"peg-cta\"><h2>Crea adesivi personalizzati per bici<\/h2><p>Gli adesivi personalizzati per bici sono disponibili in un pack con nome, bandiera e finitura adatta alla tua attrezzatura.<\/p><a href=\"https:\/\/pegatin.com\/?utm_source=pegatin_blog&amp;utm_medium=article_it&amp;utm_campaign=bike_stickers_it&amp;utm_content=main_cta\">CREA IL TUO PACK<\/a><\/div><\/article><section class=\"pegatin-depth\"><h2>Come scegliere la soluzione giusta<\/h2><p>Misura prima la zona piana e visibile su cui applicherai l\u2019adesivo. Un formato compatto segue le linee dell\u2019attrezzatura e mantiene nome e bandiera leggibili senza coprire il design. Su caschi curvi e piccoli droni \u00e8 preferibile una misura pi\u00f9 corta rispetto al tubo di una bici.<\/p><h2>Materiale, applicazione e durata<\/h2><p>Pegatin \u00e8 progettato per l\u2019esterno con stampa nitida, adesione sicura e uno strato protettivo contro pioggia, sole e pulizia normale. Pulisci e sgrassa la superficie, lasciala asciugare, posiziona l\u2019adesivo senza tenderlo e premi dal centro verso i bordi. Evita lavaggi intensi subito dopo.<\/p><h2>Consegna, qualit\u00e0 e garanzia<\/h2><p>Controlla nome, bandiera ed eventuale numero identificativo prima dell\u2019ordine. Ogni prodotto \u00e8 personalizzato e i tempi dipendono dalla destinazione. Consulta la guida alla qualit\u00e0 per strati, cura e rimozione.<\/p><h2>Domande frequenti<\/h2><p><strong>Si pu\u00f2 rimuovere?<\/strong> S\u00ec, con calore moderato. <strong>Va bene su superfici curve?<\/strong> S\u00ec, scegliendo misura e punto di applicazione corretti.<\/p><\/section>","protected":false},"excerpt":{"rendered":"<p>Adesivi personalizzati per bici, qualit\u00e0 pensata per durare. Scopri i cinque strati che proteggono colore, adesione e rimozione pulita. \u2192 Gli adesivi personalizzati per bici danno un&#8217;identit\u00e0 professionale senza alterarne lo stile. Ecco come scegliere formato, colore e posizione per strada, gravel, MTB, triathlon e bici per bambini. Adesivi personalizzati per bici: cosa inserire La &#8230; <a href=\"https:\/\/pegatin.com\/blog\/it\/adesivi-bici-nome-bandiera\/\">Read more<\/a>.<\/p>\n","protected":false},"author":11,"featured_media":2365,"comment_status":"closed","ping_status":"open","sticky":false,"template":"","format":"standard","meta":{"footnotes":""},"categories":[630],"tags":[],"class_list":["post-3347","post","type-post","status-publish","format-standard","has-post-thumbnail","hentry","category-pegatin-it-bike"],"yoast_head":"<!-- This site is optimized with the Yoast SEO plugin v28.4 - https:\/\/yoast.com\/product\/yoast-seo-wordpress\/ -->\n<title>Adesivi personalizzati per bici con nome e bandiera - Pegatin Blog<\/title>\n<meta name=\"description\" content=\"Adesivi personalizzati per bici con nome e bandiera: misure, materiali, applicazione e consegna per un risultato pulito e resistente.\" \/>\n<meta name=\"robots\" content=\"index, follow, max-snippet:-1, max-image-preview:large, max-video-preview:-1\" \/>\n<link rel=\"canonical\" href=\"https:\/\/pegatin.com\/blog\/it\/adesivi-bici-nome-bandiera\/\" \/>\n<meta property=\"og:locale\" content=\"en_US\" \/>\n<meta property=\"og:type\" content=\"article\" \/>\n<meta property=\"og:title\" content=\"Adesivi personalizzati per bici con nome e bandiera - Pegatin Blog\" \/>\n<meta property=\"og:description\" content=\"Adesivi personalizzati per bici con nome e bandiera: misure, materiali, applicazione e consegna per un risultato pulito e resistente.\" \/>\n<meta property=\"og:url\" content=\"https:\/\/pegatin.com\/blog\/it\/adesivi-bici-nome-bandiera\/\" \/>\n<meta property=\"og:site_name\" content=\"Pegatin Blog\" \/>\n<meta property=\"article:published_time\" content=\"2026-09-02T14:59:24+00:00\" \/>\n<meta property=\"article:modified_time\" content=\"2026-09-03T16:08:43+00:00\" \/>\n<meta property=\"og:image\" content=\"https:\/\/pegatin.com\/blog\/wp-content\/uploads\/2026\/08\/07-switzerland-luca-meier-ab-plus-v3-corrected-optimized.webp\" \/>\n\t<meta property=\"og:image:width\" content=\"1600\" \/>\n\t<meta property=\"og:image:height\" content=\"667\" \/>\n\t<meta property=\"og:image:type\" content=\"image\/webp\" \/>\n<meta name=\"author\" content=\"Chat GPT\" \/>\n<meta name=\"twitter:card\" content=\"summary_large_image\" \/>\n<meta name=\"twitter:label1\" content=\"Written by\" \/>\n\t<meta name=\"twitter:data1\" content=\"Chat GPT\" \/>\n\t<meta name=\"twitter:label2\" content=\"Est. reading time\" \/>\n\t<meta name=\"twitter:data2\" content=\"2 minutes\" \/>\n<script type=\"application\/ld+json\" class=\"yoast-schema-graph\">{\"@context\":\"https:\\\/\\\/schema.org\",\"@graph\":[{\"@type\":\"Article\",\"@id\":\"https:\\\/\\\/pegatin.com\\\/blog\\\/it\\\/adesivi-bici-nome-bandiera\\\/#article\",\"isPartOf\":{\"@id\":\"https:\\\/\\\/pegatin.com\\\/blog\\\/it\\\/adesivi-bici-nome-bandiera\\\/\"},\"author\":{\"name\":\"Chat GPT\",\"@id\":\"https:\\\/\\\/pegatin.com\\\/blog\\\/#\\\/schema\\\/person\\\/78a08c54c86caea5a036786a813c7ec8\"},\"headline\":\"Adesivi personalizzati per bici con nome e bandiera\",\"datePublished\":\"2026-09-02T14:59:24+00:00\",\"dateModified\":\"2026-09-03T16:08:43+00:00\",\"mainEntityOfPage\":{\"@id\":\"https:\\\/\\\/pegatin.com\\\/blog\\\/it\\\/adesivi-bici-nome-bandiera\\\/\"},\"wordCount\":362,\"image\":{\"@id\":\"https:\\\/\\\/pegatin.com\\\/blog\\\/it\\\/adesivi-bici-nome-bandiera\\\/#primaryimage\"},\"thumbnailUrl\":\"https:\\\/\\\/pegatin.com\\\/blog\\\/wp-content\\\/uploads\\\/2026\\\/08\\\/07-switzerland-luca-meier-ab-plus-v3-corrected-optimized.webp\",\"articleSection\":[\"Adesivi per bici\"],\"inLanguage\":\"en-US\"},{\"@type\":\"WebPage\",\"@id\":\"https:\\\/\\\/pegatin.com\\\/blog\\\/it\\\/adesivi-bici-nome-bandiera\\\/\",\"url\":\"https:\\\/\\\/pegatin.com\\\/blog\\\/it\\\/adesivi-bici-nome-bandiera\\\/\",\"name\":\"Adesivi personalizzati per bici con nome e bandiera - Pegatin Blog\",\"isPartOf\":{\"@id\":\"https:\\\/\\\/pegatin.com\\\/blog\\\/#website\"},\"primaryImageOfPage\":{\"@id\":\"https:\\\/\\\/pegatin.com\\\/blog\\\/it\\\/adesivi-bici-nome-bandiera\\\/#primaryimage\"},\"image\":{\"@id\":\"https:\\\/\\\/pegatin.com\\\/blog\\\/it\\\/adesivi-bici-nome-bandiera\\\/#primaryimage\"},\"thumbnailUrl\":\"https:\\\/\\\/pegatin.com\\\/blog\\\/wp-content\\\/uploads\\\/2026\\\/08\\\/07-switzerland-luca-meier-ab-plus-v3-corrected-optimized.webp\",\"datePublished\":\"2026-09-02T14:59:24+00:00\",\"dateModified\":\"2026-09-03T16:08:43+00:00\",\"author\":{\"@id\":\"https:\\\/\\\/pegatin.com\\\/blog\\\/#\\\/schema\\\/person\\\/78a08c54c86caea5a036786a813c7ec8\"},\"description\":\"Adesivi personalizzati per bici con nome e bandiera: misure, materiali, applicazione e consegna per un risultato pulito e resistente.\",\"breadcrumb\":{\"@id\":\"https:\\\/\\\/pegatin.com\\\/blog\\\/it\\\/adesivi-bici-nome-bandiera\\\/#breadcrumb\"},\"inLanguage\":\"en-US\",\"potentialAction\":[{\"@type\":\"ReadAction\",\"target\":[\"https:\\\/\\\/pegatin.com\\\/blog\\\/it\\\/adesivi-bici-nome-bandiera\\\/\"]}]},{\"@type\":\"ImageObject\",\"inLanguage\":\"en-US\",\"@id\":\"https:\\\/\\\/pegatin.com\\\/blog\\\/it\\\/adesivi-bici-nome-bandiera\\\/#primaryimage\",\"url\":\"https:\\\/\\\/pegatin.com\\\/blog\\\/wp-content\\\/uploads\\\/2026\\\/08\\\/07-switzerland-luca-meier-ab-plus-v3-corrected-optimized.webp\",\"contentUrl\":\"https:\\\/\\\/pegatin.com\\\/blog\\\/wp-content\\\/uploads\\\/2026\\\/08\\\/07-switzerland-luca-meier-ab-plus-v3-corrected-optimized.webp\",\"width\":1600,\"height\":667,\"caption\":\"Swiss name and blood type sticker on a red bike frame\"},{\"@type\":\"BreadcrumbList\",\"@id\":\"https:\\\/\\\/pegatin.com\\\/blog\\\/it\\\/adesivi-bici-nome-bandiera\\\/#breadcrumb\",\"itemListElement\":[{\"@type\":\"ListItem\",\"position\":1,\"name\":\"Portada\",\"item\":\"https:\\\/\\\/pegatin.com\\\/blog\\\/\"},{\"@type\":\"ListItem\",\"position\":2,\"name\":\"Adesivi personalizzati per bici con nome e bandiera\"}]},{\"@type\":\"WebSite\",\"@id\":\"https:\\\/\\\/pegatin.com\\\/blog\\\/#website\",\"url\":\"https:\\\/\\\/pegatin.com\\\/blog\\\/\",\"name\":\"Pegatin Blog\",\"description\":\"Get the PRO look\",\"potentialAction\":[{\"@type\":\"SearchAction\",\"target\":{\"@type\":\"EntryPoint\",\"urlTemplate\":\"https:\\\/\\\/pegatin.com\\\/blog\\\/?s={search_term_string}\"},\"query-input\":{\"@type\":\"PropertyValueSpecification\",\"valueRequired\":true,\"valueName\":\"search_term_string\"}}],\"inLanguage\":\"en-US\"},{\"@type\":\"Person\",\"@id\":\"https:\\\/\\\/pegatin.com\\\/blog\\\/#\\\/schema\\\/person\\\/78a08c54c86caea5a036786a813c7ec8\",\"name\":\"Chat GPT\",\"image\":{\"@type\":\"ImageObject\",\"inLanguage\":\"en-US\",\"@id\":\"https:\\\/\\\/secure.gravatar.com\\\/avatar\\\/ac461285e08ced8d77fcdc3167c7fba3e9fc9550c123cb7d5f457f826814c001?s=96&d=mm&r=g\",\"url\":\"https:\\\/\\\/secure.gravatar.com\\\/avatar\\\/ac461285e08ced8d77fcdc3167c7fba3e9fc9550c123cb7d5f457f826814c001?s=96&d=mm&r=g\",\"contentUrl\":\"https:\\\/\\\/secure.gravatar.com\\\/avatar\\\/ac461285e08ced8d77fcdc3167c7fba3e9fc9550c123cb7d5f457f826814c001?s=96&d=mm&r=g\",\"caption\":\"Chat GPT\"},\"url\":\"https:\\\/\\\/pegatin.com\\\/blog\\\/author\\\/chatgpt\\\/\"}]}<\/script>\n<!-- \/ Yoast SEO plugin. -->","yoast_head_json":{"title":"Adesivi personalizzati per bici con nome e bandiera - Pegatin Blog","description":"Adesivi personalizzati per bici con nome e bandiera: misure, materiali, applicazione e consegna per un risultato pulito e resistente.","robots":{"index":"index","follow":"follow","max-snippet":"max-snippet:-1","max-image-preview":"max-image-preview:large","max-video-preview":"max-video-preview:-1"},"canonical":"https:\/\/pegatin.com\/blog\/it\/adesivi-bici-nome-bandiera\/","og_locale":"en_US","og_type":"article","og_title":"Adesivi personalizzati per bici con nome e bandiera - Pegatin Blog","og_description":"Adesivi personalizzati per bici con nome e bandiera: misure, materiali, applicazione e consegna per un risultato pulito e resistente.","og_url":"https:\/\/pegatin.com\/blog\/it\/adesivi-bici-nome-bandiera\/","og_site_name":"Pegatin Blog","article_published_time":"2026-09-02T14:59:24+00:00","article_modified_time":"2026-09-03T16:08:43+00:00","og_image":[{"width":1600,"height":667,"url":"https:\/\/pegatin.com\/blog\/wp-content\/uploads\/2026\/08\/07-switzerland-luca-meier-ab-plus-v3-corrected-optimized.webp","type":"image\/webp"}],"author":"Chat GPT","twitter_card":"summary_large_image","twitter_misc":{"Written by":"Chat GPT","Est. reading time":"2 minutes"},"schema":{"@context":"https:\/\/schema.org","@graph":[{"@type":"Article","@id":"https:\/\/pegatin.com\/blog\/it\/adesivi-bici-nome-bandiera\/#article","isPartOf":{"@id":"https:\/\/pegatin.com\/blog\/it\/adesivi-bici-nome-bandiera\/"},"author":{"name":"Chat GPT","@id":"https:\/\/pegatin.com\/blog\/#\/schema\/person\/78a08c54c86caea5a036786a813c7ec8"},"headline":"Adesivi personalizzati per bici con nome e bandiera","datePublished":"2026-09-02T14:59:24+00:00","dateModified":"2026-09-03T16:08:43+00:00","mainEntityOfPage":{"@id":"https:\/\/pegatin.com\/blog\/it\/adesivi-bici-nome-bandiera\/"},"wordCount":362,"image":{"@id":"https:\/\/pegatin.com\/blog\/it\/adesivi-bici-nome-bandiera\/#primaryimage"},"thumbnailUrl":"https:\/\/pegatin.com\/blog\/wp-content\/uploads\/2026\/08\/07-switzerland-luca-meier-ab-plus-v3-corrected-optimized.webp","articleSection":["Adesivi per bici"],"inLanguage":"en-US"},{"@type":"WebPage","@id":"https:\/\/pegatin.com\/blog\/it\/adesivi-bici-nome-bandiera\/","url":"https:\/\/pegatin.com\/blog\/it\/adesivi-bici-nome-bandiera\/","name":"Adesivi personalizzati per bici con nome e bandiera - Pegatin Blog","isPartOf":{"@id":"https:\/\/pegatin.com\/blog\/#website"},"primaryImageOfPage":{"@id":"https:\/\/pegatin.com\/blog\/it\/adesivi-bici-nome-bandiera\/#primaryimage"},"image":{"@id":"https:\/\/pegatin.com\/blog\/it\/adesivi-bici-nome-bandiera\/#primaryimage"},"thumbnailUrl":"https:\/\/pegatin.com\/blog\/wp-content\/uploads\/2026\/08\/07-switzerland-luca-meier-ab-plus-v3-corrected-optimized.webp","datePublished":"2026-09-02T14:59:24+00:00","dateModified":"2026-09-03T16:08:43+00:00","author":{"@id":"https:\/\/pegatin.com\/blog\/#\/schema\/person\/78a08c54c86caea5a036786a813c7ec8"},"description":"Adesivi personalizzati per bici con nome e bandiera: misure, materiali, applicazione e consegna per un risultato pulito e resistente.","breadcrumb":{"@id":"https:\/\/pegatin.com\/blog\/it\/adesivi-bici-nome-bandiera\/#breadcrumb"},"inLanguage":"en-US","potentialAction":[{"@type":"ReadAction","target":["https:\/\/pegatin.com\/blog\/it\/adesivi-bici-nome-bandiera\/"]}]},{"@type":"ImageObject","inLanguage":"en-US","@id":"https:\/\/pegatin.com\/blog\/it\/adesivi-bici-nome-bandiera\/#primaryimage","url":"https:\/\/pegatin.com\/blog\/wp-content\/uploads\/2026\/08\/07-switzerland-luca-meier-ab-plus-v3-corrected-optimized.webp","contentUrl":"https:\/\/pegatin.com\/blog\/wp-content\/uploads\/2026\/08\/07-switzerland-luca-meier-ab-plus-v3-corrected-optimized.webp","width":1600,"height":667,"caption":"Swiss name and blood type sticker on a red bike frame"},{"@type":"BreadcrumbList","@id":"https:\/\/pegatin.com\/blog\/it\/adesivi-bici-nome-bandiera\/#breadcrumb","itemListElement":[{"@type":"ListItem","position":1,"name":"Portada","item":"https:\/\/pegatin.com\/blog\/"},{"@type":"ListItem","position":2,"name":"Adesivi personalizzati per bici con nome e bandiera"}]},{"@type":"WebSite","@id":"https:\/\/pegatin.com\/blog\/#website","url":"https:\/\/pegatin.com\/blog\/","name":"Pegatin Blog","description":"Get the PRO look","potentialAction":[{"@type":"SearchAction","target":{"@type":"EntryPoint","urlTemplate":"https:\/\/pegatin.com\/blog\/?s={search_term_string}"},"query-input":{"@type":"PropertyValueSpecification","valueRequired":true,"valueName":"search_term_string"}}],"inLanguage":"en-US"},{"@type":"Person","@id":"https:\/\/pegatin.com\/blog\/#\/schema\/person\/78a08c54c86caea5a036786a813c7ec8","name":"Chat GPT","image":{"@type":"ImageObject","inLanguage":"en-US","@id":"https:\/\/secure.gravatar.com\/avatar\/ac461285e08ced8d77fcdc3167c7fba3e9fc9550c123cb7d5f457f826814c001?s=96&d=mm&r=g","url":"https:\/\/secure.gravatar.com\/avatar\/ac461285e08ced8d77fcdc3167c7fba3e9fc9550c123cb7d5f457f826814c001?s=96&d=mm&r=g","contentUrl":"https:\/\/secure.gravatar.com\/avatar\/ac461285e08ced8d77fcdc3167c7fba3e9fc9550c123cb7d5f457f826814c001?s=96&d=mm&r=g","caption":"Chat GPT"},"url":"https:\/\/pegatin.com\/blog\/author\/chatgpt\/"}]}},"_links":{"self":[{"href":"https:\/\/pegatin.com\/blog\/wp-json\/wp\/v2\/posts\/3347","targetHints":{"allow":["GET"]}}],"collection":[{"href":"https:\/\/pegatin.com\/blog\/wp-json\/wp\/v2\/posts"}],"about":[{"href":"https:\/\/pegatin.com\/blog\/wp-json\/wp\/v2\/types\/post"}],"author":[{"embeddable":true,"href":"https:\/\/pegatin.com\/blog\/wp-json\/wp\/v2\/users\/11"}],"replies":[{"embeddable":true,"href":"https:\/\/pegatin.com\/blog\/wp-json\/wp\/v2\/comments?post=3347"}],"version-history":[{"count":4,"href":"https:\/\/pegatin.com\/blog\/wp-json\/wp\/v2\/posts\/3347\/revisions"}],"predecessor-version":[{"id":3598,"href":"https:\/\/pegatin.com\/blog\/wp-json\/wp\/v2\/posts\/3347\/revisions\/3598"}],"wp:featuredmedia":[{"embeddable":true,"href":"https:\/\/pegatin.com\/blog\/wp-json\/wp\/v2\/media\/2365"}],"wp:attachment":[{"href":"https:\/\/pegatin.com\/blog\/wp-json\/wp\/v2\/media?parent=3347"}],"wp:term":[{"taxonomy":"category","embeddable":true,"href":"https:\/\/pegatin.com\/blog\/wp-json\/wp\/v2\/categories?post=3347"},{"taxonomy":"post_tag","embeddable":true,"href":"https:\/\/pegatin.com\/blog\/wp-json\/wp\/v2\/tags?post=3347"}],"curies":[{"name":"wp","href":"https:\/\/api.w.org\/{rel}","templated":true}]}}