{"id":3357,"date":"2026-09-02T15:04:38","date_gmt":"2026-09-02T15:04:38","guid":{"rendered":"https:\/\/pegatin.com\/blog\/?p=3357"},"modified":"2026-09-03T14:43:09","modified_gmt":"2026-09-03T14:43:09","slug":"autocolantes-bicicleta-nome-bandeira","status":"publish","type":"post","link":"https:\/\/pegatin.com\/blog\/pt\/autocolantes-bicicleta-nome-bandeira\/","title":{"rendered":"Autocolantes personalizados para bicicleta com nome e bandeira"},"content":{"rendered":"\n<aside class=\"pegatin-proof-link\" style=\"border-left:4px solid #075CF6;background:#f5f9ff;padding:16px 18px;margin:0 0 24px;border-radius:8px\"><strong>Qualidade feita para durar.<\/strong> Conhe\u00e7a as cinco camadas que protegem cor, ader\u00eancia e remo\u00e7\u00e3o limpa. <a href=\"https:\/\/pegatin.com\/blog\/pt\/quanto-duram-os-autocolantes-qualidade-e-manutencao\/\" style=\"font-weight:800;color:#075CF6\">\u2192<\/a><\/aside><style>.peg-guide{font-family:\"Open Sans\",Arial,sans-serif;max-width:900px;margin:auto;color:#172033}.peg-guide h2{color:#071a44;margin-top:38px}.peg-guide p,.peg-guide li{font-size:17px;line-height:1.7}.peg-hero{background:#eef5ff;border-radius:18px;padding:28px;margin-bottom:32px}.peg-hero img{width:100%;max-height:440px;object-fit:contain;border-radius:12px}.peg-cta{background:#075df6;color:#fff;padding:28px;border-radius:16px;margin:36px 0}.peg-cta h2,.peg-cta p{color:#fff}.peg-cta a{display:inline-block;background:#fff;color:#075df6;padding:13px 22px;border-radius:8px;font-weight:800;text-decoration:none}<\/style><article class=\"peg-guide\"><div class=\"peg-hero\"><img decoding=\"async\" src=\"https:\/\/pegatin.com\/blog\/wp-content\/uploads\/2026\/08\/07-switzerland-luca-meier-ab-plus-v3-corrected-optimized.webp\" alt=\"Bicicleta com autocolante personalizado com nome, bandeira e grupo sangu\u00edneo\"><p><strong>Os autocolantes personalizados d\u00e3o \u00e0 bicicleta uma identidade profissional sem alterar o estilo.<\/strong> No Brasil, s\u00e3o tamb\u00e9m conhecidos como adesivos personalizados para bicicleta.<\/p><\/div><h2>O que incluir<\/h2><p>A combina\u00e7\u00e3o mais eficaz \u00e9 nome, apelido e bandeira. O grupo sangu\u00edneo pode ser acrescentado como identifica\u00e7\u00e3o, mas n\u00e3o substitui informa\u00e7\u00e3o m\u00e9dica oficial.<\/p><h2>Melhores posi\u00e7\u00f5es<\/h2><ul><li>Tubo superior: vis\u00edvel e f\u00e1cil de limpar.<\/li><li>Tubo diagonal: ideal para um formato mais comprido.<\/li><li>Espig\u00e3o ou escora: discreto e profissional.<\/li><li>Capacete: cria um conjunto visual coerente.<\/li><\/ul><h2>Aplica\u00e7\u00e3o resistente<\/h2><p>Limpa a superf\u00edcie, elimina gordura e p\u00f3, seca bem e aplica do centro para as extremidades. Evita juntas, cabos e zonas de atrito.<\/p><h2>Combina bicicleta e capacete<\/h2><p>Usa o mesmo nome, bandeira e cor. Consulta os <a href=\"https:\/\/pegatin.com\/blog\/pt\/autocolantes-capacete-nome-bandeira\/\">autocolantes personalizados para capacete<\/a> ou todas as <a href=\"https:\/\/pegatin.com\/blog\/pt\/autocolantes-personalizados-nome-bandeira\/\">guias em portugu\u00eas<\/a>.<\/p><div class=\"peg-cta\"><h2>Personaliza a tua bicicleta<\/h2><p>Cria um pack com nome, bandeira e acabamento adequado ao equipamento.<\/p><a href=\"https:\/\/pegatin.com\/?utm_source=pegatin_blog&amp;utm_medium=article_pt&amp;utm_campaign=bike_stickers_pt&amp;utm_content=main_cta\">CRIAR O MEU PACK<\/a><\/div><\/article><section class=\"pegatin-depth\"><h2>Como escolher a solu\u00e7\u00e3o certa<\/h2><p>Me\u00e7a primeiro a zona plana e vis\u00edvel onde vai aplicar o autocolante. Um formato compacto acompanha as linhas do equipamento e mant\u00e9m o nome e a bandeira leg\u00edveis sem dominar o design. Em capacetes curvos e drones pequenos, uma medida mais curta costuma funcionar melhor do que num tubo de bicicleta.<\/p><h2>Material, aplica\u00e7\u00e3o e durabilidade<\/h2><p>O Pegatin foi concebido para uso exterior, com impress\u00e3o n\u00edtida, ader\u00eancia segura e camada protetora contra chuva, sol e limpeza normal. Limpe e desengordure a superf\u00edcie, deixe secar, coloque sem esticar e pressione do centro para as margens. Evite lavagem intensa logo ap\u00f3s a aplica\u00e7\u00e3o.<\/p><h2>Entrega, qualidade e confian\u00e7a<\/h2><p>Confirme nome, bandeira e eventual n\u00famero de identifica\u00e7\u00e3o antes de encomendar. Cada produto \u00e9 personalizado e o prazo depende do destino. Consulte o guia de qualidade para conhecer as camadas, cuidados e remo\u00e7\u00e3o.<\/p><h2>Perguntas frequentes<\/h2><p><strong>Pode ser removido?<\/strong> Sim, com calor suave. <strong>Funciona em superf\u00edcies curvas?<\/strong> Sim, com tamanho e posi\u00e7\u00e3o adequados.<\/p><\/section>","protected":false},"excerpt":{"rendered":"<p>Qualidade feita para durar. Conhe\u00e7a as cinco camadas que protegem cor, ader\u00eancia e remo\u00e7\u00e3o limpa. \u2192 Os autocolantes personalizados d\u00e3o \u00e0 bicicleta uma identidade profissional sem alterar o estilo. No Brasil, s\u00e3o tamb\u00e9m conhecidos como adesivos personalizados para bicicleta. O que incluir A combina\u00e7\u00e3o mais eficaz \u00e9 nome, apelido e bandeira. O grupo sangu\u00edneo pode &#8230; <a href=\"https:\/\/pegatin.com\/blog\/pt\/autocolantes-bicicleta-nome-bandeira\/\">Read more<\/a>.<\/p>\n","protected":false},"author":11,"featured_media":2365,"comment_status":"closed","ping_status":"open","sticky":false,"template":"","format":"standard","meta":{"footnotes":""},"categories":[621],"tags":[],"class_list":["post-3357","post","type-post","status-publish","format-standard","has-post-thumbnail","hentry","category-pegatin-pt-bike"],"yoast_head":"<!-- This site is optimized with the Yoast SEO plugin v28.4 - https:\/\/yoast.com\/product\/yoast-seo-wordpress\/ -->\n<title>Autocolantes personalizados para bicicleta com nome e bandeira - Pegatin Blog<\/title>\n<meta name=\"description\" content=\"Autocolantes personalizados para bicicleta com nome e bandeira. Veja tamanhos, materiais, aplica\u00e7\u00e3o e entrega para um resultado profissional.\" \/>\n<meta name=\"robots\" content=\"index, follow, max-snippet:-1, max-image-preview:large, max-video-preview:-1\" \/>\n<link rel=\"canonical\" href=\"https:\/\/pegatin.com\/blog\/pt\/autocolantes-bicicleta-nome-bandeira\/\" \/>\n<meta property=\"og:locale\" content=\"en_US\" \/>\n<meta property=\"og:type\" content=\"article\" \/>\n<meta property=\"og:title\" content=\"Autocolantes personalizados para bicicleta com nome e bandeira - Pegatin Blog\" \/>\n<meta property=\"og:description\" content=\"Autocolantes personalizados para bicicleta com nome e bandeira. Veja tamanhos, materiais, aplica\u00e7\u00e3o e entrega para um resultado profissional.\" \/>\n<meta property=\"og:url\" content=\"https:\/\/pegatin.com\/blog\/pt\/autocolantes-bicicleta-nome-bandeira\/\" \/>\n<meta property=\"og:site_name\" content=\"Pegatin Blog\" \/>\n<meta property=\"article:published_time\" content=\"2026-09-02T15:04:38+00:00\" \/>\n<meta property=\"article:modified_time\" content=\"2026-09-03T14:43:09+00:00\" \/>\n<meta property=\"og:image\" content=\"https:\/\/pegatin.com\/blog\/wp-content\/uploads\/2026\/08\/07-switzerland-luca-meier-ab-plus-v3-corrected-optimized.webp\" \/>\n\t<meta property=\"og:image:width\" content=\"1600\" \/>\n\t<meta property=\"og:image:height\" content=\"667\" \/>\n\t<meta property=\"og:image:type\" content=\"image\/webp\" \/>\n<meta name=\"author\" content=\"Chat GPT\" \/>\n<meta name=\"twitter:card\" content=\"summary_large_image\" \/>\n<meta name=\"twitter:label1\" content=\"Written by\" \/>\n\t<meta name=\"twitter:data1\" content=\"Chat GPT\" \/>\n\t<meta name=\"twitter:label2\" content=\"Est. reading time\" \/>\n\t<meta name=\"twitter:data2\" content=\"2 minutes\" \/>\n<script type=\"application\/ld+json\" class=\"yoast-schema-graph\">{\"@context\":\"https:\\\/\\\/schema.org\",\"@graph\":[{\"@type\":\"Article\",\"@id\":\"https:\\\/\\\/pegatin.com\\\/blog\\\/pt\\\/autocolantes-bicicleta-nome-bandeira\\\/#article\",\"isPartOf\":{\"@id\":\"https:\\\/\\\/pegatin.com\\\/blog\\\/pt\\\/autocolantes-bicicleta-nome-bandeira\\\/\"},\"author\":{\"name\":\"Chat GPT\",\"@id\":\"https:\\\/\\\/pegatin.com\\\/blog\\\/#\\\/schema\\\/person\\\/78a08c54c86caea5a036786a813c7ec8\"},\"headline\":\"Autocolantes personalizados para bicicleta com nome e bandeira\",\"datePublished\":\"2026-09-02T15:04:38+00:00\",\"dateModified\":\"2026-09-03T14:43:09+00:00\",\"mainEntityOfPage\":{\"@id\":\"https:\\\/\\\/pegatin.com\\\/blog\\\/pt\\\/autocolantes-bicicleta-nome-bandeira\\\/\"},\"wordCount\":363,\"image\":{\"@id\":\"https:\\\/\\\/pegatin.com\\\/blog\\\/pt\\\/autocolantes-bicicleta-nome-bandeira\\\/#primaryimage\"},\"thumbnailUrl\":\"https:\\\/\\\/pegatin.com\\\/blog\\\/wp-content\\\/uploads\\\/2026\\\/08\\\/07-switzerland-luca-meier-ab-plus-v3-corrected-optimized.webp\",\"articleSection\":[\"Autocolantes para bicicletas\"],\"inLanguage\":\"en-US\"},{\"@type\":\"WebPage\",\"@id\":\"https:\\\/\\\/pegatin.com\\\/blog\\\/pt\\\/autocolantes-bicicleta-nome-bandeira\\\/\",\"url\":\"https:\\\/\\\/pegatin.com\\\/blog\\\/pt\\\/autocolantes-bicicleta-nome-bandeira\\\/\",\"name\":\"Autocolantes personalizados para bicicleta com nome e bandeira - Pegatin Blog\",\"isPartOf\":{\"@id\":\"https:\\\/\\\/pegatin.com\\\/blog\\\/#website\"},\"primaryImageOfPage\":{\"@id\":\"https:\\\/\\\/pegatin.com\\\/blog\\\/pt\\\/autocolantes-bicicleta-nome-bandeira\\\/#primaryimage\"},\"image\":{\"@id\":\"https:\\\/\\\/pegatin.com\\\/blog\\\/pt\\\/autocolantes-bicicleta-nome-bandeira\\\/#primaryimage\"},\"thumbnailUrl\":\"https:\\\/\\\/pegatin.com\\\/blog\\\/wp-content\\\/uploads\\\/2026\\\/08\\\/07-switzerland-luca-meier-ab-plus-v3-corrected-optimized.webp\",\"datePublished\":\"2026-09-02T15:04:38+00:00\",\"dateModified\":\"2026-09-03T14:43:09+00:00\",\"author\":{\"@id\":\"https:\\\/\\\/pegatin.com\\\/blog\\\/#\\\/schema\\\/person\\\/78a08c54c86caea5a036786a813c7ec8\"},\"description\":\"Autocolantes personalizados para bicicleta com nome e bandeira. Veja tamanhos, materiais, aplica\u00e7\u00e3o e entrega para um resultado profissional.\",\"breadcrumb\":{\"@id\":\"https:\\\/\\\/pegatin.com\\\/blog\\\/pt\\\/autocolantes-bicicleta-nome-bandeira\\\/#breadcrumb\"},\"inLanguage\":\"en-US\",\"potentialAction\":[{\"@type\":\"ReadAction\",\"target\":[\"https:\\\/\\\/pegatin.com\\\/blog\\\/pt\\\/autocolantes-bicicleta-nome-bandeira\\\/\"]}]},{\"@type\":\"ImageObject\",\"inLanguage\":\"en-US\",\"@id\":\"https:\\\/\\\/pegatin.com\\\/blog\\\/pt\\\/autocolantes-bicicleta-nome-bandeira\\\/#primaryimage\",\"url\":\"https:\\\/\\\/pegatin.com\\\/blog\\\/wp-content\\\/uploads\\\/2026\\\/08\\\/07-switzerland-luca-meier-ab-plus-v3-corrected-optimized.webp\",\"contentUrl\":\"https:\\\/\\\/pegatin.com\\\/blog\\\/wp-content\\\/uploads\\\/2026\\\/08\\\/07-switzerland-luca-meier-ab-plus-v3-corrected-optimized.webp\",\"width\":1600,\"height\":667,\"caption\":\"Swiss name and blood type sticker on a red bike frame\"},{\"@type\":\"BreadcrumbList\",\"@id\":\"https:\\\/\\\/pegatin.com\\\/blog\\\/pt\\\/autocolantes-bicicleta-nome-bandeira\\\/#breadcrumb\",\"itemListElement\":[{\"@type\":\"ListItem\",\"position\":1,\"name\":\"Portada\",\"item\":\"https:\\\/\\\/pegatin.com\\\/blog\\\/\"},{\"@type\":\"ListItem\",\"position\":2,\"name\":\"Autocolantes personalizados para bicicleta com nome e bandeira\"}]},{\"@type\":\"WebSite\",\"@id\":\"https:\\\/\\\/pegatin.com\\\/blog\\\/#website\",\"url\":\"https:\\\/\\\/pegatin.com\\\/blog\\\/\",\"name\":\"Pegatin Blog\",\"description\":\"Get the PRO look\",\"potentialAction\":[{\"@type\":\"SearchAction\",\"target\":{\"@type\":\"EntryPoint\",\"urlTemplate\":\"https:\\\/\\\/pegatin.com\\\/blog\\\/?s={search_term_string}\"},\"query-input\":{\"@type\":\"PropertyValueSpecification\",\"valueRequired\":true,\"valueName\":\"search_term_string\"}}],\"inLanguage\":\"en-US\"},{\"@type\":\"Person\",\"@id\":\"https:\\\/\\\/pegatin.com\\\/blog\\\/#\\\/schema\\\/person\\\/78a08c54c86caea5a036786a813c7ec8\",\"name\":\"Chat GPT\",\"image\":{\"@type\":\"ImageObject\",\"inLanguage\":\"en-US\",\"@id\":\"https:\\\/\\\/secure.gravatar.com\\\/avatar\\\/ac461285e08ced8d77fcdc3167c7fba3e9fc9550c123cb7d5f457f826814c001?s=96&d=mm&r=g\",\"url\":\"https:\\\/\\\/secure.gravatar.com\\\/avatar\\\/ac461285e08ced8d77fcdc3167c7fba3e9fc9550c123cb7d5f457f826814c001?s=96&d=mm&r=g\",\"contentUrl\":\"https:\\\/\\\/secure.gravatar.com\\\/avatar\\\/ac461285e08ced8d77fcdc3167c7fba3e9fc9550c123cb7d5f457f826814c001?s=96&d=mm&r=g\",\"caption\":\"Chat GPT\"},\"url\":\"https:\\\/\\\/pegatin.com\\\/blog\\\/author\\\/chatgpt\\\/\"}]}<\/script>\n<!-- \/ Yoast SEO plugin. -->","yoast_head_json":{"title":"Autocolantes personalizados para bicicleta com nome e bandeira - Pegatin Blog","description":"Autocolantes personalizados para bicicleta com nome e bandeira. Veja tamanhos, materiais, aplica\u00e7\u00e3o e entrega para um resultado profissional.","robots":{"index":"index","follow":"follow","max-snippet":"max-snippet:-1","max-image-preview":"max-image-preview:large","max-video-preview":"max-video-preview:-1"},"canonical":"https:\/\/pegatin.com\/blog\/pt\/autocolantes-bicicleta-nome-bandeira\/","og_locale":"en_US","og_type":"article","og_title":"Autocolantes personalizados para bicicleta com nome e bandeira - Pegatin Blog","og_description":"Autocolantes personalizados para bicicleta com nome e bandeira. Veja tamanhos, materiais, aplica\u00e7\u00e3o e entrega para um resultado profissional.","og_url":"https:\/\/pegatin.com\/blog\/pt\/autocolantes-bicicleta-nome-bandeira\/","og_site_name":"Pegatin Blog","article_published_time":"2026-09-02T15:04:38+00:00","article_modified_time":"2026-09-03T14:43:09+00:00","og_image":[{"width":1600,"height":667,"url":"https:\/\/pegatin.com\/blog\/wp-content\/uploads\/2026\/08\/07-switzerland-luca-meier-ab-plus-v3-corrected-optimized.webp","type":"image\/webp"}],"author":"Chat GPT","twitter_card":"summary_large_image","twitter_misc":{"Written by":"Chat GPT","Est. reading time":"2 minutes"},"schema":{"@context":"https:\/\/schema.org","@graph":[{"@type":"Article","@id":"https:\/\/pegatin.com\/blog\/pt\/autocolantes-bicicleta-nome-bandeira\/#article","isPartOf":{"@id":"https:\/\/pegatin.com\/blog\/pt\/autocolantes-bicicleta-nome-bandeira\/"},"author":{"name":"Chat GPT","@id":"https:\/\/pegatin.com\/blog\/#\/schema\/person\/78a08c54c86caea5a036786a813c7ec8"},"headline":"Autocolantes personalizados para bicicleta com nome e bandeira","datePublished":"2026-09-02T15:04:38+00:00","dateModified":"2026-09-03T14:43:09+00:00","mainEntityOfPage":{"@id":"https:\/\/pegatin.com\/blog\/pt\/autocolantes-bicicleta-nome-bandeira\/"},"wordCount":363,"image":{"@id":"https:\/\/pegatin.com\/blog\/pt\/autocolantes-bicicleta-nome-bandeira\/#primaryimage"},"thumbnailUrl":"https:\/\/pegatin.com\/blog\/wp-content\/uploads\/2026\/08\/07-switzerland-luca-meier-ab-plus-v3-corrected-optimized.webp","articleSection":["Autocolantes para bicicletas"],"inLanguage":"en-US"},{"@type":"WebPage","@id":"https:\/\/pegatin.com\/blog\/pt\/autocolantes-bicicleta-nome-bandeira\/","url":"https:\/\/pegatin.com\/blog\/pt\/autocolantes-bicicleta-nome-bandeira\/","name":"Autocolantes personalizados para bicicleta com nome e bandeira - Pegatin Blog","isPartOf":{"@id":"https:\/\/pegatin.com\/blog\/#website"},"primaryImageOfPage":{"@id":"https:\/\/pegatin.com\/blog\/pt\/autocolantes-bicicleta-nome-bandeira\/#primaryimage"},"image":{"@id":"https:\/\/pegatin.com\/blog\/pt\/autocolantes-bicicleta-nome-bandeira\/#primaryimage"},"thumbnailUrl":"https:\/\/pegatin.com\/blog\/wp-content\/uploads\/2026\/08\/07-switzerland-luca-meier-ab-plus-v3-corrected-optimized.webp","datePublished":"2026-09-02T15:04:38+00:00","dateModified":"2026-09-03T14:43:09+00:00","author":{"@id":"https:\/\/pegatin.com\/blog\/#\/schema\/person\/78a08c54c86caea5a036786a813c7ec8"},"description":"Autocolantes personalizados para bicicleta com nome e bandeira. Veja tamanhos, materiais, aplica\u00e7\u00e3o e entrega para um resultado profissional.","breadcrumb":{"@id":"https:\/\/pegatin.com\/blog\/pt\/autocolantes-bicicleta-nome-bandeira\/#breadcrumb"},"inLanguage":"en-US","potentialAction":[{"@type":"ReadAction","target":["https:\/\/pegatin.com\/blog\/pt\/autocolantes-bicicleta-nome-bandeira\/"]}]},{"@type":"ImageObject","inLanguage":"en-US","@id":"https:\/\/pegatin.com\/blog\/pt\/autocolantes-bicicleta-nome-bandeira\/#primaryimage","url":"https:\/\/pegatin.com\/blog\/wp-content\/uploads\/2026\/08\/07-switzerland-luca-meier-ab-plus-v3-corrected-optimized.webp","contentUrl":"https:\/\/pegatin.com\/blog\/wp-content\/uploads\/2026\/08\/07-switzerland-luca-meier-ab-plus-v3-corrected-optimized.webp","width":1600,"height":667,"caption":"Swiss name and blood type sticker on a red bike frame"},{"@type":"BreadcrumbList","@id":"https:\/\/pegatin.com\/blog\/pt\/autocolantes-bicicleta-nome-bandeira\/#breadcrumb","itemListElement":[{"@type":"ListItem","position":1,"name":"Portada","item":"https:\/\/pegatin.com\/blog\/"},{"@type":"ListItem","position":2,"name":"Autocolantes personalizados para bicicleta com nome e bandeira"}]},{"@type":"WebSite","@id":"https:\/\/pegatin.com\/blog\/#website","url":"https:\/\/pegatin.com\/blog\/","name":"Pegatin Blog","description":"Get the PRO look","potentialAction":[{"@type":"SearchAction","target":{"@type":"EntryPoint","urlTemplate":"https:\/\/pegatin.com\/blog\/?s={search_term_string}"},"query-input":{"@type":"PropertyValueSpecification","valueRequired":true,"valueName":"search_term_string"}}],"inLanguage":"en-US"},{"@type":"Person","@id":"https:\/\/pegatin.com\/blog\/#\/schema\/person\/78a08c54c86caea5a036786a813c7ec8","name":"Chat GPT","image":{"@type":"ImageObject","inLanguage":"en-US","@id":"https:\/\/secure.gravatar.com\/avatar\/ac461285e08ced8d77fcdc3167c7fba3e9fc9550c123cb7d5f457f826814c001?s=96&d=mm&r=g","url":"https:\/\/secure.gravatar.com\/avatar\/ac461285e08ced8d77fcdc3167c7fba3e9fc9550c123cb7d5f457f826814c001?s=96&d=mm&r=g","contentUrl":"https:\/\/secure.gravatar.com\/avatar\/ac461285e08ced8d77fcdc3167c7fba3e9fc9550c123cb7d5f457f826814c001?s=96&d=mm&r=g","caption":"Chat GPT"},"url":"https:\/\/pegatin.com\/blog\/author\/chatgpt\/"}]}},"_links":{"self":[{"href":"https:\/\/pegatin.com\/blog\/wp-json\/wp\/v2\/posts\/3357","targetHints":{"allow":["GET"]}}],"collection":[{"href":"https:\/\/pegatin.com\/blog\/wp-json\/wp\/v2\/posts"}],"about":[{"href":"https:\/\/pegatin.com\/blog\/wp-json\/wp\/v2\/types\/post"}],"author":[{"embeddable":true,"href":"https:\/\/pegatin.com\/blog\/wp-json\/wp\/v2\/users\/11"}],"replies":[{"embeddable":true,"href":"https:\/\/pegatin.com\/blog\/wp-json\/wp\/v2\/comments?post=3357"}],"version-history":[{"count":3,"href":"https:\/\/pegatin.com\/blog\/wp-json\/wp\/v2\/posts\/3357\/revisions"}],"predecessor-version":[{"id":3535,"href":"https:\/\/pegatin.com\/blog\/wp-json\/wp\/v2\/posts\/3357\/revisions\/3535"}],"wp:featuredmedia":[{"embeddable":true,"href":"https:\/\/pegatin.com\/blog\/wp-json\/wp\/v2\/media\/2365"}],"wp:attachment":[{"href":"https:\/\/pegatin.com\/blog\/wp-json\/wp\/v2\/media?parent=3357"}],"wp:term":[{"taxonomy":"category","embeddable":true,"href":"https:\/\/pegatin.com\/blog\/wp-json\/wp\/v2\/categories?post=3357"},{"taxonomy":"post_tag","embeddable":true,"href":"https:\/\/pegatin.com\/blog\/wp-json\/wp\/v2\/tags?post=3357"}],"curies":[{"name":"wp","href":"https:\/\/api.w.org\/{rel}","templated":true}]}}