{"id":3359,"date":"2026-09-02T15:05:23","date_gmt":"2026-09-02T15:05:23","guid":{"rendered":"https:\/\/pegatin.com\/blog\/?p=3359"},"modified":"2026-09-03T14:42:21","modified_gmt":"2026-09-03T14:42:21","slug":"tamanho-autocolante-capacete","status":"publish","type":"post","link":"https:\/\/pegatin.com\/blog\/pt\/tamanho-autocolante-capacete\/","title":{"rendered":"Guia de tamanhos de autocolantes para capacete"},"content":{"rendered":"\n<aside class=\"pegatin-proof-link\" style=\"border-left:4px solid #075CF6;background:#f5f9ff;padding:16px 18px;margin:0 0 24px;border-radius:8px\"><strong>Qualidade feita para durar.<\/strong> Conhe\u00e7a as cinco camadas que protegem cor, ader\u00eancia e remo\u00e7\u00e3o limpa. <a href=\"https:\/\/pegatin.com\/blog\/pt\/quanto-duram-os-autocolantes-qualidade-e-manutencao\/\" style=\"font-weight:800;color:#075CF6\">\u2192<\/a><\/aside><style>.peg-guide{font-family:\"Open Sans\",Arial,sans-serif;max-width:900px;margin:auto;color:#172033}.peg-guide h2{color:#071a44;margin-top:38px}.peg-guide p,.peg-guide li{font-size:17px;line-height:1.7}.peg-hero{background:#eef5ff;border-radius:18px;padding:28px;margin-bottom:32px}.peg-hero img{width:100%;max-height:440px;object-fit:contain;border-radius:12px}.peg-cta{background:#075df6;color:#fff;padding:28px;border-radius:16px;margin:36px 0}.peg-cta h2,.peg-cta p{color:#fff}.peg-cta a{display:inline-block;background:#fff;color:#075df6;padding:13px 22px;border-radius:8px;font-weight:800;text-decoration:none}<\/style><article class=\"peg-guide\"><div class=\"peg-hero\"><img decoding=\"async\" src=\"https:\/\/pegatin.com\/blog\/wp-content\/uploads\/2026\/08\/11-belgium-thomas-dubois-a-minus-optimized.webp\" alt=\"Autocolante personalizado com nome, bandeira e grupo sangu\u00edneo\"><p><strong>O tamanho certo torna o nome leg\u00edvel sem fazer o autocolante parecer demasiado grande.<\/strong> No Brasil, este guia tamb\u00e9m se aplica a adesivos para capacete.<\/p><\/div><h2>Como medir o espa\u00e7o<\/h2><p>Escolhe uma zona lisa, mede a largura \u00fatil e deixa uma margem. Uma tira de papel ajuda a confirmar a propor\u00e7\u00e3o antes da compra.<\/p><h2>Pequeno, m\u00e9dio ou grande?<\/h2><ul><li><strong>Pequeno:<\/strong> para capacetes compactos e posi\u00e7\u00f5es discretas.<\/li><li><strong>M\u00e9dio:<\/strong> a op\u00e7\u00e3o mais vers\u00e1til para a maioria dos capacetes.<\/li><li><strong>Grande:<\/strong> para superf\u00edcies amplas e leitura \u00e0 dist\u00e2ncia.<\/li><\/ul><h2>Curvatura e contraste<\/h2><p>Numa curva pronunciada, prefere um autocolante mais curto. Usa texto claro em capacete escuro e texto escuro em capacete claro. Evita entradas de ar e arestas.<\/p><h2>Antes de aplicar<\/h2><p>Limpa, seca e aplica lentamente do centro para as extremidades. V\u00ea tamb\u00e9m os <a href=\"https:\/\/pegatin.com\/blog\/pt\/autocolantes-capacete-nome-bandeira\/\">autocolantes personalizados para capacete<\/a> e as <a href=\"https:\/\/pegatin.com\/blog\/pt\/autocolantes-personalizados-nome-bandeira\/\">guias em portugu\u00eas<\/a>.<\/p><div class=\"peg-cta\"><h2>Escolhe o teu formato<\/h2><p>Configura nome, bandeira, cor e tamanho para o teu capacete.<\/p><a href=\"https:\/\/pegatin.com\/?utm_source=pegatin_blog&amp;utm_medium=article_pt&amp;utm_campaign=helmet_size_pt&amp;utm_content=main_cta\">CRIAR O MEU PACK<\/a><\/div><\/article><section class=\"pegatin-depth\"><h2>Como escolher a solu\u00e7\u00e3o certa<\/h2><p>Me\u00e7a primeiro a zona plana e vis\u00edvel onde vai aplicar o autocolante. Um formato compacto acompanha as linhas do equipamento e mant\u00e9m o nome e a bandeira leg\u00edveis sem dominar o design. Em capacetes curvos e drones pequenos, uma medida mais curta costuma funcionar melhor do que num tubo de bicicleta.<\/p><h2>Material, aplica\u00e7\u00e3o e durabilidade<\/h2><p>O Pegatin foi concebido para uso exterior, com impress\u00e3o n\u00edtida, ader\u00eancia segura e camada protetora contra chuva, sol e limpeza normal. Limpe e desengordure a superf\u00edcie, deixe secar, coloque sem esticar e pressione do centro para as margens. Evite lavagem intensa logo ap\u00f3s a aplica\u00e7\u00e3o.<\/p><h2>Entrega, qualidade e confian\u00e7a<\/h2><p>Confirme nome, bandeira e eventual n\u00famero de identifica\u00e7\u00e3o antes de encomendar. Cada produto \u00e9 personalizado e o prazo depende do destino. Consulte o guia de qualidade para conhecer as camadas, cuidados e remo\u00e7\u00e3o.<\/p><h2>Perguntas frequentes<\/h2><p><strong>Pode ser removido?<\/strong> Sim, com calor suave. <strong>Funciona em superf\u00edcies curvas?<\/strong> Sim, com tamanho e posi\u00e7\u00e3o adequados.<\/p><\/section>","protected":false},"excerpt":{"rendered":"<p>Qualidade feita para durar. Conhe\u00e7a as cinco camadas que protegem cor, ader\u00eancia e remo\u00e7\u00e3o limpa. \u2192 O tamanho certo torna o nome leg\u00edvel sem fazer o autocolante parecer demasiado grande. No Brasil, este guia tamb\u00e9m se aplica a adesivos para capacete. Como medir o espa\u00e7o Escolhe uma zona lisa, mede a largura \u00fatil e deixa &#8230; <a href=\"https:\/\/pegatin.com\/blog\/pt\/tamanho-autocolante-capacete\/\">Read more<\/a>.<\/p>\n","protected":false},"author":11,"featured_media":2369,"comment_status":"closed","ping_status":"open","sticky":false,"template":"","format":"standard","meta":{"footnotes":""},"categories":[618],"tags":[],"class_list":["post-3359","post","type-post","status-publish","format-standard","has-post-thumbnail","hentry","category-pegatin-pt-helmet"],"yoast_head":"<!-- This site is optimized with the Yoast SEO plugin v28.4 - https:\/\/yoast.com\/product\/yoast-seo-wordpress\/ -->\n<title>Guia de tamanhos de autocolantes para capacete - Pegatin Blog<\/title>\n<meta name=\"description\" content=\"Autocolantes personalizados para capacete com nome e bandeira para ciclismo, desporto motorizado, esqui e outros desportos.\" \/>\n<meta name=\"robots\" content=\"index, follow, max-snippet:-1, max-image-preview:large, max-video-preview:-1\" \/>\n<link rel=\"canonical\" href=\"https:\/\/pegatin.com\/blog\/pt\/tamanho-autocolante-capacete\/\" \/>\n<meta property=\"og:locale\" content=\"en_US\" \/>\n<meta property=\"og:type\" content=\"article\" \/>\n<meta property=\"og:title\" content=\"Guia de tamanhos de autocolantes para capacete - Pegatin Blog\" \/>\n<meta property=\"og:description\" content=\"Autocolantes personalizados para capacete com nome e bandeira para ciclismo, desporto motorizado, esqui e outros desportos.\" \/>\n<meta property=\"og:url\" content=\"https:\/\/pegatin.com\/blog\/pt\/tamanho-autocolante-capacete\/\" \/>\n<meta property=\"og:site_name\" content=\"Pegatin Blog\" \/>\n<meta property=\"article:published_time\" content=\"2026-09-02T15:05:23+00:00\" \/>\n<meta property=\"article:modified_time\" content=\"2026-09-03T14:42:21+00:00\" \/>\n<meta property=\"og:image\" content=\"https:\/\/pegatin.com\/blog\/wp-content\/uploads\/2026\/08\/11-belgium-thomas-dubois-a-minus-optimized.webp\" \/>\n\t<meta property=\"og:image:width\" content=\"1600\" \/>\n\t<meta property=\"og:image:height\" content=\"667\" \/>\n\t<meta property=\"og:image:type\" content=\"image\/webp\" \/>\n<meta name=\"author\" content=\"Chat GPT\" \/>\n<meta name=\"twitter:card\" content=\"summary_large_image\" \/>\n<meta name=\"twitter:label1\" content=\"Written by\" \/>\n\t<meta name=\"twitter:data1\" content=\"Chat GPT\" \/>\n\t<meta name=\"twitter:label2\" content=\"Est. reading time\" \/>\n\t<meta name=\"twitter:data2\" content=\"2 minutes\" \/>\n<script type=\"application\/ld+json\" class=\"yoast-schema-graph\">{\"@context\":\"https:\\\/\\\/schema.org\",\"@graph\":[{\"@type\":\"Article\",\"@id\":\"https:\\\/\\\/pegatin.com\\\/blog\\\/pt\\\/tamanho-autocolante-capacete\\\/#article\",\"isPartOf\":{\"@id\":\"https:\\\/\\\/pegatin.com\\\/blog\\\/pt\\\/tamanho-autocolante-capacete\\\/\"},\"author\":{\"name\":\"Chat GPT\",\"@id\":\"https:\\\/\\\/pegatin.com\\\/blog\\\/#\\\/schema\\\/person\\\/78a08c54c86caea5a036786a813c7ec8\"},\"headline\":\"Guia de tamanhos de autocolantes para capacete\",\"datePublished\":\"2026-09-02T15:05:23+00:00\",\"dateModified\":\"2026-09-03T14:42:21+00:00\",\"mainEntityOfPage\":{\"@id\":\"https:\\\/\\\/pegatin.com\\\/blog\\\/pt\\\/tamanho-autocolante-capacete\\\/\"},\"wordCount\":369,\"image\":{\"@id\":\"https:\\\/\\\/pegatin.com\\\/blog\\\/pt\\\/tamanho-autocolante-capacete\\\/#primaryimage\"},\"thumbnailUrl\":\"https:\\\/\\\/pegatin.com\\\/blog\\\/wp-content\\\/uploads\\\/2026\\\/08\\\/11-belgium-thomas-dubois-a-minus-optimized.webp\",\"articleSection\":[\"Autocolantes para capacetes\"],\"inLanguage\":\"en-US\"},{\"@type\":\"WebPage\",\"@id\":\"https:\\\/\\\/pegatin.com\\\/blog\\\/pt\\\/tamanho-autocolante-capacete\\\/\",\"url\":\"https:\\\/\\\/pegatin.com\\\/blog\\\/pt\\\/tamanho-autocolante-capacete\\\/\",\"name\":\"Guia de tamanhos de autocolantes para capacete - Pegatin Blog\",\"isPartOf\":{\"@id\":\"https:\\\/\\\/pegatin.com\\\/blog\\\/#website\"},\"primaryImageOfPage\":{\"@id\":\"https:\\\/\\\/pegatin.com\\\/blog\\\/pt\\\/tamanho-autocolante-capacete\\\/#primaryimage\"},\"image\":{\"@id\":\"https:\\\/\\\/pegatin.com\\\/blog\\\/pt\\\/tamanho-autocolante-capacete\\\/#primaryimage\"},\"thumbnailUrl\":\"https:\\\/\\\/pegatin.com\\\/blog\\\/wp-content\\\/uploads\\\/2026\\\/08\\\/11-belgium-thomas-dubois-a-minus-optimized.webp\",\"datePublished\":\"2026-09-02T15:05:23+00:00\",\"dateModified\":\"2026-09-03T14:42:21+00:00\",\"author\":{\"@id\":\"https:\\\/\\\/pegatin.com\\\/blog\\\/#\\\/schema\\\/person\\\/78a08c54c86caea5a036786a813c7ec8\"},\"description\":\"Autocolantes personalizados para capacete com nome e bandeira para ciclismo, desporto motorizado, esqui e outros desportos.\",\"breadcrumb\":{\"@id\":\"https:\\\/\\\/pegatin.com\\\/blog\\\/pt\\\/tamanho-autocolante-capacete\\\/#breadcrumb\"},\"inLanguage\":\"en-US\",\"potentialAction\":[{\"@type\":\"ReadAction\",\"target\":[\"https:\\\/\\\/pegatin.com\\\/blog\\\/pt\\\/tamanho-autocolante-capacete\\\/\"]}]},{\"@type\":\"ImageObject\",\"inLanguage\":\"en-US\",\"@id\":\"https:\\\/\\\/pegatin.com\\\/blog\\\/pt\\\/tamanho-autocolante-capacete\\\/#primaryimage\",\"url\":\"https:\\\/\\\/pegatin.com\\\/blog\\\/wp-content\\\/uploads\\\/2026\\\/08\\\/11-belgium-thomas-dubois-a-minus-optimized.webp\",\"contentUrl\":\"https:\\\/\\\/pegatin.com\\\/blog\\\/wp-content\\\/uploads\\\/2026\\\/08\\\/11-belgium-thomas-dubois-a-minus-optimized.webp\",\"width\":1600,\"height\":667,\"caption\":\"bike name stickers Pegatin\"},{\"@type\":\"BreadcrumbList\",\"@id\":\"https:\\\/\\\/pegatin.com\\\/blog\\\/pt\\\/tamanho-autocolante-capacete\\\/#breadcrumb\",\"itemListElement\":[{\"@type\":\"ListItem\",\"position\":1,\"name\":\"Portada\",\"item\":\"https:\\\/\\\/pegatin.com\\\/blog\\\/\"},{\"@type\":\"ListItem\",\"position\":2,\"name\":\"Guia de tamanhos de autocolantes para capacete\"}]},{\"@type\":\"WebSite\",\"@id\":\"https:\\\/\\\/pegatin.com\\\/blog\\\/#website\",\"url\":\"https:\\\/\\\/pegatin.com\\\/blog\\\/\",\"name\":\"Pegatin Blog\",\"description\":\"Get the PRO look\",\"potentialAction\":[{\"@type\":\"SearchAction\",\"target\":{\"@type\":\"EntryPoint\",\"urlTemplate\":\"https:\\\/\\\/pegatin.com\\\/blog\\\/?s={search_term_string}\"},\"query-input\":{\"@type\":\"PropertyValueSpecification\",\"valueRequired\":true,\"valueName\":\"search_term_string\"}}],\"inLanguage\":\"en-US\"},{\"@type\":\"Person\",\"@id\":\"https:\\\/\\\/pegatin.com\\\/blog\\\/#\\\/schema\\\/person\\\/78a08c54c86caea5a036786a813c7ec8\",\"name\":\"Chat GPT\",\"image\":{\"@type\":\"ImageObject\",\"inLanguage\":\"en-US\",\"@id\":\"https:\\\/\\\/secure.gravatar.com\\\/avatar\\\/ac461285e08ced8d77fcdc3167c7fba3e9fc9550c123cb7d5f457f826814c001?s=96&d=mm&r=g\",\"url\":\"https:\\\/\\\/secure.gravatar.com\\\/avatar\\\/ac461285e08ced8d77fcdc3167c7fba3e9fc9550c123cb7d5f457f826814c001?s=96&d=mm&r=g\",\"contentUrl\":\"https:\\\/\\\/secure.gravatar.com\\\/avatar\\\/ac461285e08ced8d77fcdc3167c7fba3e9fc9550c123cb7d5f457f826814c001?s=96&d=mm&r=g\",\"caption\":\"Chat GPT\"},\"url\":\"https:\\\/\\\/pegatin.com\\\/blog\\\/author\\\/chatgpt\\\/\"}]}<\/script>\n<!-- \/ Yoast SEO plugin. -->","yoast_head_json":{"title":"Guia de tamanhos de autocolantes para capacete - Pegatin Blog","description":"Autocolantes personalizados para capacete com nome e bandeira para ciclismo, desporto motorizado, esqui e outros desportos.","robots":{"index":"index","follow":"follow","max-snippet":"max-snippet:-1","max-image-preview":"max-image-preview:large","max-video-preview":"max-video-preview:-1"},"canonical":"https:\/\/pegatin.com\/blog\/pt\/tamanho-autocolante-capacete\/","og_locale":"en_US","og_type":"article","og_title":"Guia de tamanhos de autocolantes para capacete - Pegatin Blog","og_description":"Autocolantes personalizados para capacete com nome e bandeira para ciclismo, desporto motorizado, esqui e outros desportos.","og_url":"https:\/\/pegatin.com\/blog\/pt\/tamanho-autocolante-capacete\/","og_site_name":"Pegatin Blog","article_published_time":"2026-09-02T15:05:23+00:00","article_modified_time":"2026-09-03T14:42:21+00:00","og_image":[{"width":1600,"height":667,"url":"https:\/\/pegatin.com\/blog\/wp-content\/uploads\/2026\/08\/11-belgium-thomas-dubois-a-minus-optimized.webp","type":"image\/webp"}],"author":"Chat GPT","twitter_card":"summary_large_image","twitter_misc":{"Written by":"Chat GPT","Est. reading time":"2 minutes"},"schema":{"@context":"https:\/\/schema.org","@graph":[{"@type":"Article","@id":"https:\/\/pegatin.com\/blog\/pt\/tamanho-autocolante-capacete\/#article","isPartOf":{"@id":"https:\/\/pegatin.com\/blog\/pt\/tamanho-autocolante-capacete\/"},"author":{"name":"Chat GPT","@id":"https:\/\/pegatin.com\/blog\/#\/schema\/person\/78a08c54c86caea5a036786a813c7ec8"},"headline":"Guia de tamanhos de autocolantes para capacete","datePublished":"2026-09-02T15:05:23+00:00","dateModified":"2026-09-03T14:42:21+00:00","mainEntityOfPage":{"@id":"https:\/\/pegatin.com\/blog\/pt\/tamanho-autocolante-capacete\/"},"wordCount":369,"image":{"@id":"https:\/\/pegatin.com\/blog\/pt\/tamanho-autocolante-capacete\/#primaryimage"},"thumbnailUrl":"https:\/\/pegatin.com\/blog\/wp-content\/uploads\/2026\/08\/11-belgium-thomas-dubois-a-minus-optimized.webp","articleSection":["Autocolantes para capacetes"],"inLanguage":"en-US"},{"@type":"WebPage","@id":"https:\/\/pegatin.com\/blog\/pt\/tamanho-autocolante-capacete\/","url":"https:\/\/pegatin.com\/blog\/pt\/tamanho-autocolante-capacete\/","name":"Guia de tamanhos de autocolantes para capacete - Pegatin Blog","isPartOf":{"@id":"https:\/\/pegatin.com\/blog\/#website"},"primaryImageOfPage":{"@id":"https:\/\/pegatin.com\/blog\/pt\/tamanho-autocolante-capacete\/#primaryimage"},"image":{"@id":"https:\/\/pegatin.com\/blog\/pt\/tamanho-autocolante-capacete\/#primaryimage"},"thumbnailUrl":"https:\/\/pegatin.com\/blog\/wp-content\/uploads\/2026\/08\/11-belgium-thomas-dubois-a-minus-optimized.webp","datePublished":"2026-09-02T15:05:23+00:00","dateModified":"2026-09-03T14:42:21+00:00","author":{"@id":"https:\/\/pegatin.com\/blog\/#\/schema\/person\/78a08c54c86caea5a036786a813c7ec8"},"description":"Autocolantes personalizados para capacete com nome e bandeira para ciclismo, desporto motorizado, esqui e outros desportos.","breadcrumb":{"@id":"https:\/\/pegatin.com\/blog\/pt\/tamanho-autocolante-capacete\/#breadcrumb"},"inLanguage":"en-US","potentialAction":[{"@type":"ReadAction","target":["https:\/\/pegatin.com\/blog\/pt\/tamanho-autocolante-capacete\/"]}]},{"@type":"ImageObject","inLanguage":"en-US","@id":"https:\/\/pegatin.com\/blog\/pt\/tamanho-autocolante-capacete\/#primaryimage","url":"https:\/\/pegatin.com\/blog\/wp-content\/uploads\/2026\/08\/11-belgium-thomas-dubois-a-minus-optimized.webp","contentUrl":"https:\/\/pegatin.com\/blog\/wp-content\/uploads\/2026\/08\/11-belgium-thomas-dubois-a-minus-optimized.webp","width":1600,"height":667,"caption":"bike name stickers Pegatin"},{"@type":"BreadcrumbList","@id":"https:\/\/pegatin.com\/blog\/pt\/tamanho-autocolante-capacete\/#breadcrumb","itemListElement":[{"@type":"ListItem","position":1,"name":"Portada","item":"https:\/\/pegatin.com\/blog\/"},{"@type":"ListItem","position":2,"name":"Guia de tamanhos de autocolantes para capacete"}]},{"@type":"WebSite","@id":"https:\/\/pegatin.com\/blog\/#website","url":"https:\/\/pegatin.com\/blog\/","name":"Pegatin Blog","description":"Get the PRO look","potentialAction":[{"@type":"SearchAction","target":{"@type":"EntryPoint","urlTemplate":"https:\/\/pegatin.com\/blog\/?s={search_term_string}"},"query-input":{"@type":"PropertyValueSpecification","valueRequired":true,"valueName":"search_term_string"}}],"inLanguage":"en-US"},{"@type":"Person","@id":"https:\/\/pegatin.com\/blog\/#\/schema\/person\/78a08c54c86caea5a036786a813c7ec8","name":"Chat GPT","image":{"@type":"ImageObject","inLanguage":"en-US","@id":"https:\/\/secure.gravatar.com\/avatar\/ac461285e08ced8d77fcdc3167c7fba3e9fc9550c123cb7d5f457f826814c001?s=96&d=mm&r=g","url":"https:\/\/secure.gravatar.com\/avatar\/ac461285e08ced8d77fcdc3167c7fba3e9fc9550c123cb7d5f457f826814c001?s=96&d=mm&r=g","contentUrl":"https:\/\/secure.gravatar.com\/avatar\/ac461285e08ced8d77fcdc3167c7fba3e9fc9550c123cb7d5f457f826814c001?s=96&d=mm&r=g","caption":"Chat GPT"},"url":"https:\/\/pegatin.com\/blog\/author\/chatgpt\/"}]}},"_links":{"self":[{"href":"https:\/\/pegatin.com\/blog\/wp-json\/wp\/v2\/posts\/3359","targetHints":{"allow":["GET"]}}],"collection":[{"href":"https:\/\/pegatin.com\/blog\/wp-json\/wp\/v2\/posts"}],"about":[{"href":"https:\/\/pegatin.com\/blog\/wp-json\/wp\/v2\/types\/post"}],"author":[{"embeddable":true,"href":"https:\/\/pegatin.com\/blog\/wp-json\/wp\/v2\/users\/11"}],"replies":[{"embeddable":true,"href":"https:\/\/pegatin.com\/blog\/wp-json\/wp\/v2\/comments?post=3359"}],"version-history":[{"count":3,"href":"https:\/\/pegatin.com\/blog\/wp-json\/wp\/v2\/posts\/3359\/revisions"}],"predecessor-version":[{"id":3534,"href":"https:\/\/pegatin.com\/blog\/wp-json\/wp\/v2\/posts\/3359\/revisions\/3534"}],"wp:featuredmedia":[{"embeddable":true,"href":"https:\/\/pegatin.com\/blog\/wp-json\/wp\/v2\/media\/2369"}],"wp:attachment":[{"href":"https:\/\/pegatin.com\/blog\/wp-json\/wp\/v2\/media?parent=3359"}],"wp:term":[{"taxonomy":"category","embeddable":true,"href":"https:\/\/pegatin.com\/blog\/wp-json\/wp\/v2\/categories?post=3359"},{"taxonomy":"post_tag","embeddable":true,"href":"https:\/\/pegatin.com\/blog\/wp-json\/wp\/v2\/tags?post=3359"}],"curies":[{"name":"wp","href":"https:\/\/api.w.org\/{rel}","templated":true}]}}