{"id":3379,"date":"2026-09-02T15:37:16","date_gmt":"2026-09-02T15:37:16","guid":{"rendered":"https:\/\/pegatin.com\/blog\/?p=3379"},"modified":"2026-09-03T14:32:07","modified_gmt":"2026-09-03T14:32:07","slug":"cykelklistermarken-namn-flagga","status":"publish","type":"post","link":"https:\/\/pegatin.com\/blog\/sv\/cykelklistermarken-namn-flagga\/","title":{"rendered":"Cykelklisterm\u00e4rken med namn och flagga"},"content":{"rendered":"<aside class=\"pegatin-proof-link\" style=\"border-left:4px solid #075CF6;background:#f5f9ff;padding:16px 18px;margin:0 0 24px;border-radius:8px\"><strong>Kvalitet f\u00f6r flera \u00e5rs anv\u00e4ndning.<\/strong> Se de fem lagren bakom f\u00e4rg, vidh\u00e4ftning och ren borttagning. <a href=\"https:\/\/pegatin.com\/blog\/sv\/hur-lange-haller-dekaler-kvalitet-och-skotsel\/\" style=\"font-weight:800;color:#075CF6\">\u2192<\/a><\/aside>\n<style>.pg-post{max-width:860px;margin:auto;font:18px\/1.68 Arial,sans-serif;color:#17233b}.pg-post h2{color:#071b4b;margin-top:34px}.pg-post img{width:100%;border-radius:18px;margin:18px 0}.pg-cta{background:#eef5ff;border:1px solid #cfe0ff;border-radius:18px;padding:24px;margin:30px 0}.pg-cta a{display:inline-block;background:#0863f7;color:#fff;padding:13px 20px;border-radius:9px;text-decoration:none;font-weight:700}<\/style><article class=\"pg-post\"><p>En personlig namn- och flaggdekal ger cykeln en tydlig identitet utan att f\u00f6r\u00e4ndra dess ursprungliga linjer. Den passar landsv\u00e4g, gravel, mountainbike, triathlon och barncyklar n\u00e4r storleken anpassas till ramen.<\/p><img decoding=\"async\" src=\"https:\/\/pegatin.com\/blog\/wp-content\/uploads\/2026\/08\/Bicicleta_Canada-1-optimized.webp\" alt=\"Cykelklisterm\u00e4rken med namn och flagga p\u00e5 en cykelram\"><h2>Var ska dekalen sitta?<\/h2><p>\u00d6verr\u00f6r, sadelr\u00f6r och framgaffel \u00e4r vanliga placeringar. V\u00e4lj en sl\u00e4t yta som \u00e4r synlig men skyddad fr\u00e5n kraftigt slitage. Undvik ramnummer, leder, kablar och tillverkarens s\u00e4kerhetsinformation.<\/p><h2>Storlek och kontrast<\/h2><p>M\u00e4t omr\u00e5det f\u00f6re best\u00e4llning. En kort dekal ser ofta mer professionell ut \u00e4n en som f\u00f6ljer hela r\u00f6ret. Ljus text fungerar p\u00e5 m\u00f6rka ramar och svart text p\u00e5 ljusa ytor.<\/p><h2>F\u00f6rbered ytan<\/h2><p>Tv\u00e4tta bort smuts och fett, l\u00e5t ramen torka helt och applicera i rumstemperatur. Pressa lugnt fr\u00e5n mitten mot kanterna och undvik h\u00f6gtryckstv\u00e4tt direkt efter montering.<\/p><div class=\"pg-cta\"><h2>Skapa cykelklisterm\u00e4rken med namn och flagga<\/h2><p>V\u00e4lj flera storlekar f\u00f6r ram, hj\u00e4lm och reservutrustning s\u00e5 att cykeln f\u00e5r en tydlig och professionell identitet.<\/p><a href=\"https:\/\/pegatin.com\/?utm_source=blog&#038;utm_medium=referral&#038;utm_campaign=bike_sv&#038;utm_content=cta\">SKAPA DITT PAKET<\/a><\/div><p>Utforska \u00e4ven <a href=\"https:\/\/pegatin.com\/blog\/sv\/hjalmdekaler-namn-flagga\/\">personliga hj\u00e4lmdekaler<\/a> och v\u00e5r <a href=\"https:\/\/pegatin.com\/blog\/sv\/personliga-namn-och-flaggdekaler\/\">svenska guide\u00f6versikt<\/a>.<\/p><\/article>\n<section class=\"pegatin-depth\"><h2>S\u00e5 v\u00e4ljer du r\u00e4tt l\u00f6sning<\/h2><p>M\u00e4t f\u00f6rst den plana och synliga ytan d\u00e4r dekalen ska sitta. Ett kompakt format f\u00f6ljer utrustningens linjer och g\u00f6r namn och flagga l\u00e4tta att l\u00e4sa utan att ta \u00f6ver designen. P\u00e5 b\u00f6jda hj\u00e4lmar och sm\u00e5 dr\u00f6nare passar en kortare variant oftast b\u00e4ttre \u00e4n p\u00e5 ett cykelr\u00f6r.<\/p><h2>Material, montering och h\u00e5llbarhet<\/h2><p>Pegatin \u00e4r framtagen f\u00f6r utomhusbruk med skarpt tryck, s\u00e4kert f\u00e4ste och ett skyddande lager mot regn, sol och normal reng\u00f6ring. Reng\u00f6r och avfetta ytan, l\u00e5t den torka, placera dekalen utan att str\u00e4cka den och tryck fr\u00e5n mitten ut\u00e5t. V\u00e4nta f\u00f6re h\u00e5rd tv\u00e4tt.<\/p><h2>Leverans, kvalitet och trygghet<\/h2><p>Kontrollera namn, flagga och eventuellt identifikationsnummer f\u00f6re best\u00e4llning. Produkten tillverkas personligt och leveranstiden beror p\u00e5 destinationen. L\u00e4s kvalitetsguiden om lager, sk\u00f6tsel och borttagning.<\/p><h2>Vanliga fr\u00e5gor<\/h2><p><strong>Kan dekalen tas bort?<\/strong> Ja, med f\u00f6rsiktig v\u00e4rme. <strong>Fungerar den p\u00e5 b\u00f6jda ytor?<\/strong> Ja, med r\u00e4tt storlek och placering.<\/p><\/section>","protected":false},"excerpt":{"rendered":"<p>Kvalitet f\u00f6r flera \u00e5rs anv\u00e4ndning. Se de fem lagren bakom f\u00e4rg, vidh\u00e4ftning och ren borttagning. \u2192 En personlig namn- och flaggdekal ger cykeln en tydlig identitet utan att f\u00f6r\u00e4ndra dess ursprungliga linjer. Den passar landsv\u00e4g, gravel, mountainbike, triathlon och barncyklar n\u00e4r storleken anpassas till ramen. Var ska dekalen sitta? \u00d6verr\u00f6r, sadelr\u00f6r och framgaffel \u00e4r vanliga &#8230; <a href=\"https:\/\/pegatin.com\/blog\/sv\/cykelklistermarken-namn-flagga\/\">Read more<\/a>.<\/p>\n","protected":false},"author":11,"featured_media":2223,"comment_status":"closed","ping_status":"open","sticky":false,"template":"","format":"standard","meta":{"footnotes":""},"categories":[603],"tags":[],"class_list":["post-3379","post","type-post","status-publish","format-standard","has-post-thumbnail","hentry","category-pegatin-sv-bike"],"yoast_head":"<!-- This site is optimized with the Yoast SEO plugin v28.4 - https:\/\/yoast.com\/product\/yoast-seo-wordpress\/ -->\n<title>Cykelklisterm\u00e4rken med namn och flagga - Pegatin Blog<\/title>\n<meta name=\"description\" content=\"Personliga cykeldekaler med namn och flagga. Se storlekar, material, montering och leverans och ge cykeln ett professionellt uttryck.\" \/>\n<meta name=\"robots\" content=\"index, follow, max-snippet:-1, max-image-preview:large, max-video-preview:-1\" \/>\n<link rel=\"canonical\" href=\"https:\/\/pegatin.com\/blog\/sv\/cykelklistermarken-namn-flagga\/\" \/>\n<meta property=\"og:locale\" content=\"en_US\" \/>\n<meta property=\"og:type\" content=\"article\" \/>\n<meta property=\"og:title\" content=\"Cykelklisterm\u00e4rken med namn och flagga - Pegatin Blog\" \/>\n<meta property=\"og:description\" content=\"Personliga cykeldekaler med namn och flagga. Se storlekar, material, montering och leverans och ge cykeln ett professionellt uttryck.\" \/>\n<meta property=\"og:url\" content=\"https:\/\/pegatin.com\/blog\/sv\/cykelklistermarken-namn-flagga\/\" \/>\n<meta property=\"og:site_name\" content=\"Pegatin Blog\" \/>\n<meta property=\"article:published_time\" content=\"2026-09-02T15:37:16+00:00\" \/>\n<meta property=\"article:modified_time\" content=\"2026-09-03T14:32:07+00:00\" \/>\n<meta property=\"og:image\" content=\"https:\/\/pegatin.com\/blog\/wp-content\/uploads\/2026\/08\/Bicicleta_Canada-1-optimized.webp\" \/>\n\t<meta property=\"og:image:width\" content=\"1122\" \/>\n\t<meta property=\"og:image:height\" content=\"1402\" \/>\n\t<meta property=\"og:image:type\" content=\"image\/webp\" \/>\n<meta name=\"author\" content=\"Chat GPT\" \/>\n<meta name=\"twitter:card\" content=\"summary_large_image\" \/>\n<meta name=\"twitter:label1\" content=\"Written by\" \/>\n\t<meta name=\"twitter:data1\" content=\"Chat GPT\" \/>\n\t<meta name=\"twitter:label2\" content=\"Est. reading time\" \/>\n\t<meta name=\"twitter:data2\" content=\"2 minutes\" \/>\n<script type=\"application\/ld+json\" class=\"yoast-schema-graph\">{\"@context\":\"https:\\\/\\\/schema.org\",\"@graph\":[{\"@type\":\"Article\",\"@id\":\"https:\\\/\\\/pegatin.com\\\/blog\\\/sv\\\/cykelklistermarken-namn-flagga\\\/#article\",\"isPartOf\":{\"@id\":\"https:\\\/\\\/pegatin.com\\\/blog\\\/sv\\\/cykelklistermarken-namn-flagga\\\/\"},\"author\":{\"name\":\"Chat GPT\",\"@id\":\"https:\\\/\\\/pegatin.com\\\/blog\\\/#\\\/schema\\\/person\\\/78a08c54c86caea5a036786a813c7ec8\"},\"headline\":\"Cykelklisterm\u00e4rken med namn och flagga\",\"datePublished\":\"2026-09-02T15:37:16+00:00\",\"dateModified\":\"2026-09-03T14:32:07+00:00\",\"mainEntityOfPage\":{\"@id\":\"https:\\\/\\\/pegatin.com\\\/blog\\\/sv\\\/cykelklistermarken-namn-flagga\\\/\"},\"wordCount\":392,\"image\":{\"@id\":\"https:\\\/\\\/pegatin.com\\\/blog\\\/sv\\\/cykelklistermarken-namn-flagga\\\/#primaryimage\"},\"thumbnailUrl\":\"https:\\\/\\\/pegatin.com\\\/blog\\\/wp-content\\\/uploads\\\/2026\\\/08\\\/Bicicleta_Canada-1-optimized.webp\",\"articleSection\":[\"Cykeldekaler\"],\"inLanguage\":\"en-US\"},{\"@type\":\"WebPage\",\"@id\":\"https:\\\/\\\/pegatin.com\\\/blog\\\/sv\\\/cykelklistermarken-namn-flagga\\\/\",\"url\":\"https:\\\/\\\/pegatin.com\\\/blog\\\/sv\\\/cykelklistermarken-namn-flagga\\\/\",\"name\":\"Cykelklisterm\u00e4rken med namn och flagga - Pegatin Blog\",\"isPartOf\":{\"@id\":\"https:\\\/\\\/pegatin.com\\\/blog\\\/#website\"},\"primaryImageOfPage\":{\"@id\":\"https:\\\/\\\/pegatin.com\\\/blog\\\/sv\\\/cykelklistermarken-namn-flagga\\\/#primaryimage\"},\"image\":{\"@id\":\"https:\\\/\\\/pegatin.com\\\/blog\\\/sv\\\/cykelklistermarken-namn-flagga\\\/#primaryimage\"},\"thumbnailUrl\":\"https:\\\/\\\/pegatin.com\\\/blog\\\/wp-content\\\/uploads\\\/2026\\\/08\\\/Bicicleta_Canada-1-optimized.webp\",\"datePublished\":\"2026-09-02T15:37:16+00:00\",\"dateModified\":\"2026-09-03T14:32:07+00:00\",\"author\":{\"@id\":\"https:\\\/\\\/pegatin.com\\\/blog\\\/#\\\/schema\\\/person\\\/78a08c54c86caea5a036786a813c7ec8\"},\"description\":\"Personliga cykeldekaler med namn och flagga. Se storlekar, material, montering och leverans och ge cykeln ett professionellt uttryck.\",\"breadcrumb\":{\"@id\":\"https:\\\/\\\/pegatin.com\\\/blog\\\/sv\\\/cykelklistermarken-namn-flagga\\\/#breadcrumb\"},\"inLanguage\":\"en-US\",\"potentialAction\":[{\"@type\":\"ReadAction\",\"target\":[\"https:\\\/\\\/pegatin.com\\\/blog\\\/sv\\\/cykelklistermarken-namn-flagga\\\/\"]}]},{\"@type\":\"ImageObject\",\"inLanguage\":\"en-US\",\"@id\":\"https:\\\/\\\/pegatin.com\\\/blog\\\/sv\\\/cykelklistermarken-namn-flagga\\\/#primaryimage\",\"url\":\"https:\\\/\\\/pegatin.com\\\/blog\\\/wp-content\\\/uploads\\\/2026\\\/08\\\/Bicicleta_Canada-1-optimized.webp\",\"contentUrl\":\"https:\\\/\\\/pegatin.com\\\/blog\\\/wp-content\\\/uploads\\\/2026\\\/08\\\/Bicicleta_Canada-1-optimized.webp\",\"width\":1122,\"height\":1402,\"caption\":\"Road bike with a personalised name sticker in a green park\"},{\"@type\":\"BreadcrumbList\",\"@id\":\"https:\\\/\\\/pegatin.com\\\/blog\\\/sv\\\/cykelklistermarken-namn-flagga\\\/#breadcrumb\",\"itemListElement\":[{\"@type\":\"ListItem\",\"position\":1,\"name\":\"Portada\",\"item\":\"https:\\\/\\\/pegatin.com\\\/blog\\\/\"},{\"@type\":\"ListItem\",\"position\":2,\"name\":\"Cykelklisterm\u00e4rken med namn och flagga\"}]},{\"@type\":\"WebSite\",\"@id\":\"https:\\\/\\\/pegatin.com\\\/blog\\\/#website\",\"url\":\"https:\\\/\\\/pegatin.com\\\/blog\\\/\",\"name\":\"Pegatin Blog\",\"description\":\"Get the PRO look\",\"potentialAction\":[{\"@type\":\"SearchAction\",\"target\":{\"@type\":\"EntryPoint\",\"urlTemplate\":\"https:\\\/\\\/pegatin.com\\\/blog\\\/?s={search_term_string}\"},\"query-input\":{\"@type\":\"PropertyValueSpecification\",\"valueRequired\":true,\"valueName\":\"search_term_string\"}}],\"inLanguage\":\"en-US\"},{\"@type\":\"Person\",\"@id\":\"https:\\\/\\\/pegatin.com\\\/blog\\\/#\\\/schema\\\/person\\\/78a08c54c86caea5a036786a813c7ec8\",\"name\":\"Chat GPT\",\"image\":{\"@type\":\"ImageObject\",\"inLanguage\":\"en-US\",\"@id\":\"https:\\\/\\\/secure.gravatar.com\\\/avatar\\\/ac461285e08ced8d77fcdc3167c7fba3e9fc9550c123cb7d5f457f826814c001?s=96&d=mm&r=g\",\"url\":\"https:\\\/\\\/secure.gravatar.com\\\/avatar\\\/ac461285e08ced8d77fcdc3167c7fba3e9fc9550c123cb7d5f457f826814c001?s=96&d=mm&r=g\",\"contentUrl\":\"https:\\\/\\\/secure.gravatar.com\\\/avatar\\\/ac461285e08ced8d77fcdc3167c7fba3e9fc9550c123cb7d5f457f826814c001?s=96&d=mm&r=g\",\"caption\":\"Chat GPT\"},\"url\":\"https:\\\/\\\/pegatin.com\\\/blog\\\/author\\\/chatgpt\\\/\"}]}<\/script>\n<!-- \/ Yoast SEO plugin. -->","yoast_head_json":{"title":"Cykelklisterm\u00e4rken med namn och flagga - Pegatin Blog","description":"Personliga cykeldekaler med namn och flagga. Se storlekar, material, montering och leverans och ge cykeln ett professionellt uttryck.","robots":{"index":"index","follow":"follow","max-snippet":"max-snippet:-1","max-image-preview":"max-image-preview:large","max-video-preview":"max-video-preview:-1"},"canonical":"https:\/\/pegatin.com\/blog\/sv\/cykelklistermarken-namn-flagga\/","og_locale":"en_US","og_type":"article","og_title":"Cykelklisterm\u00e4rken med namn och flagga - Pegatin Blog","og_description":"Personliga cykeldekaler med namn och flagga. Se storlekar, material, montering och leverans och ge cykeln ett professionellt uttryck.","og_url":"https:\/\/pegatin.com\/blog\/sv\/cykelklistermarken-namn-flagga\/","og_site_name":"Pegatin Blog","article_published_time":"2026-09-02T15:37:16+00:00","article_modified_time":"2026-09-03T14:32:07+00:00","og_image":[{"width":1122,"height":1402,"url":"https:\/\/pegatin.com\/blog\/wp-content\/uploads\/2026\/08\/Bicicleta_Canada-1-optimized.webp","type":"image\/webp"}],"author":"Chat GPT","twitter_card":"summary_large_image","twitter_misc":{"Written by":"Chat GPT","Est. reading time":"2 minutes"},"schema":{"@context":"https:\/\/schema.org","@graph":[{"@type":"Article","@id":"https:\/\/pegatin.com\/blog\/sv\/cykelklistermarken-namn-flagga\/#article","isPartOf":{"@id":"https:\/\/pegatin.com\/blog\/sv\/cykelklistermarken-namn-flagga\/"},"author":{"name":"Chat GPT","@id":"https:\/\/pegatin.com\/blog\/#\/schema\/person\/78a08c54c86caea5a036786a813c7ec8"},"headline":"Cykelklisterm\u00e4rken med namn och flagga","datePublished":"2026-09-02T15:37:16+00:00","dateModified":"2026-09-03T14:32:07+00:00","mainEntityOfPage":{"@id":"https:\/\/pegatin.com\/blog\/sv\/cykelklistermarken-namn-flagga\/"},"wordCount":392,"image":{"@id":"https:\/\/pegatin.com\/blog\/sv\/cykelklistermarken-namn-flagga\/#primaryimage"},"thumbnailUrl":"https:\/\/pegatin.com\/blog\/wp-content\/uploads\/2026\/08\/Bicicleta_Canada-1-optimized.webp","articleSection":["Cykeldekaler"],"inLanguage":"en-US"},{"@type":"WebPage","@id":"https:\/\/pegatin.com\/blog\/sv\/cykelklistermarken-namn-flagga\/","url":"https:\/\/pegatin.com\/blog\/sv\/cykelklistermarken-namn-flagga\/","name":"Cykelklisterm\u00e4rken med namn och flagga - Pegatin Blog","isPartOf":{"@id":"https:\/\/pegatin.com\/blog\/#website"},"primaryImageOfPage":{"@id":"https:\/\/pegatin.com\/blog\/sv\/cykelklistermarken-namn-flagga\/#primaryimage"},"image":{"@id":"https:\/\/pegatin.com\/blog\/sv\/cykelklistermarken-namn-flagga\/#primaryimage"},"thumbnailUrl":"https:\/\/pegatin.com\/blog\/wp-content\/uploads\/2026\/08\/Bicicleta_Canada-1-optimized.webp","datePublished":"2026-09-02T15:37:16+00:00","dateModified":"2026-09-03T14:32:07+00:00","author":{"@id":"https:\/\/pegatin.com\/blog\/#\/schema\/person\/78a08c54c86caea5a036786a813c7ec8"},"description":"Personliga cykeldekaler med namn och flagga. Se storlekar, material, montering och leverans och ge cykeln ett professionellt uttryck.","breadcrumb":{"@id":"https:\/\/pegatin.com\/blog\/sv\/cykelklistermarken-namn-flagga\/#breadcrumb"},"inLanguage":"en-US","potentialAction":[{"@type":"ReadAction","target":["https:\/\/pegatin.com\/blog\/sv\/cykelklistermarken-namn-flagga\/"]}]},{"@type":"ImageObject","inLanguage":"en-US","@id":"https:\/\/pegatin.com\/blog\/sv\/cykelklistermarken-namn-flagga\/#primaryimage","url":"https:\/\/pegatin.com\/blog\/wp-content\/uploads\/2026\/08\/Bicicleta_Canada-1-optimized.webp","contentUrl":"https:\/\/pegatin.com\/blog\/wp-content\/uploads\/2026\/08\/Bicicleta_Canada-1-optimized.webp","width":1122,"height":1402,"caption":"Road bike with a personalised name sticker in a green park"},{"@type":"BreadcrumbList","@id":"https:\/\/pegatin.com\/blog\/sv\/cykelklistermarken-namn-flagga\/#breadcrumb","itemListElement":[{"@type":"ListItem","position":1,"name":"Portada","item":"https:\/\/pegatin.com\/blog\/"},{"@type":"ListItem","position":2,"name":"Cykelklisterm\u00e4rken med namn och flagga"}]},{"@type":"WebSite","@id":"https:\/\/pegatin.com\/blog\/#website","url":"https:\/\/pegatin.com\/blog\/","name":"Pegatin Blog","description":"Get the PRO look","potentialAction":[{"@type":"SearchAction","target":{"@type":"EntryPoint","urlTemplate":"https:\/\/pegatin.com\/blog\/?s={search_term_string}"},"query-input":{"@type":"PropertyValueSpecification","valueRequired":true,"valueName":"search_term_string"}}],"inLanguage":"en-US"},{"@type":"Person","@id":"https:\/\/pegatin.com\/blog\/#\/schema\/person\/78a08c54c86caea5a036786a813c7ec8","name":"Chat GPT","image":{"@type":"ImageObject","inLanguage":"en-US","@id":"https:\/\/secure.gravatar.com\/avatar\/ac461285e08ced8d77fcdc3167c7fba3e9fc9550c123cb7d5f457f826814c001?s=96&d=mm&r=g","url":"https:\/\/secure.gravatar.com\/avatar\/ac461285e08ced8d77fcdc3167c7fba3e9fc9550c123cb7d5f457f826814c001?s=96&d=mm&r=g","contentUrl":"https:\/\/secure.gravatar.com\/avatar\/ac461285e08ced8d77fcdc3167c7fba3e9fc9550c123cb7d5f457f826814c001?s=96&d=mm&r=g","caption":"Chat GPT"},"url":"https:\/\/pegatin.com\/blog\/author\/chatgpt\/"}]}},"_links":{"self":[{"href":"https:\/\/pegatin.com\/blog\/wp-json\/wp\/v2\/posts\/3379","targetHints":{"allow":["GET"]}}],"collection":[{"href":"https:\/\/pegatin.com\/blog\/wp-json\/wp\/v2\/posts"}],"about":[{"href":"https:\/\/pegatin.com\/blog\/wp-json\/wp\/v2\/types\/post"}],"author":[{"embeddable":true,"href":"https:\/\/pegatin.com\/blog\/wp-json\/wp\/v2\/users\/11"}],"replies":[{"embeddable":true,"href":"https:\/\/pegatin.com\/blog\/wp-json\/wp\/v2\/comments?post=3379"}],"version-history":[{"count":4,"href":"https:\/\/pegatin.com\/blog\/wp-json\/wp\/v2\/posts\/3379\/revisions"}],"predecessor-version":[{"id":3592,"href":"https:\/\/pegatin.com\/blog\/wp-json\/wp\/v2\/posts\/3379\/revisions\/3592"}],"wp:featuredmedia":[{"embeddable":true,"href":"https:\/\/pegatin.com\/blog\/wp-json\/wp\/v2\/media\/2223"}],"wp:attachment":[{"href":"https:\/\/pegatin.com\/blog\/wp-json\/wp\/v2\/media?parent=3379"}],"wp:term":[{"taxonomy":"category","embeddable":true,"href":"https:\/\/pegatin.com\/blog\/wp-json\/wp\/v2\/categories?post=3379"},{"taxonomy":"post_tag","embeddable":true,"href":"https:\/\/pegatin.com\/blog\/wp-json\/wp\/v2\/tags?post=3379"}],"curies":[{"name":"wp","href":"https:\/\/api.w.org\/{rel}","templated":true}]}}